{"id":2714,"date":"2020-12-21T07:43:18","date_gmt":"2020-12-21T13:43:18","guid":{"rendered":"http:\/\/www.vko.cz\/VKOweb\/?p=2714"},"modified":"2020-12-21T07:43:18","modified_gmt":"2020-12-21T13:43:18","slug":"zamceni-reky","status":"publish","type":"post","link":"http:\/\/www.vko.cz\/VKOweb\/zamceni-reky\/","title":{"rendered":"Zam\u010den\u00ed \u0159eky"},"content":{"rendered":"<p>A\u010d doba nep\u0159eje spole\u010densk\u00fdm akc\u00edm, p\u0159\u00edroda je sv\u00e1 a jej\u00ed z\u00e1konitosti jsou nem\u011bnn\u00e9. V leto\u0161n\u00edm roce jste, z obecn\u011b zn\u00e1m\u00fdch d\u016fvod\u016f, nemohli uskute\u010dnit \u017d\u00c1BU &#8211; tradi\u010dn\u00ed zakon\u010den\u00ed vesla\u0159sk\u00e9 sezony VKO Louny.<\/p>\n<p>Vodnick\u00e9 povinnosti jsou ale nad\u0159azeny v\u0161em pozemsk\u00fdm vl\u00e1d\u00e1m, proto v osam\u011bn\u00ed, jsem tuto sobotu zamkl \u0159eku Oh\u0159i lounsk\u00fdm vesla\u0159\u016fm.<\/p>\n<p>Na\u0159\u00eddil jsem j\u00ed zimn\u00ed odpo\u010dinek a nabr\u00e1n\u00ed s\u00edl do jara p\u0159\u00ed\u0161t\u00edho roku, kdy jak douf\u00e1m, prob\u011bhne op\u011btovn\u00e9 odemknut\u00ed za nemal\u00e9 \u00fa\u010dasti suchozemc\u016f.<\/p>\n<p>T\u00edmto p\u0159eji v\u0161em klidn\u00e9 sv\u00e1tky v\u00e1no\u010dn\u00ed a v\u0161eho nej\u2026. do nov\u00e9ho roku 2021.<\/p>\n<p>&nbsp;<\/p>\n<p>lounsk\u00fd vodn\u00edk<\/p>\n<p><img decoding=\"async\" loading=\"lazy\" class=\"size-medium wp-image-2715 alignleft\" src=\"http:\/\/www.vko.cz\/VKOweb\/wp-content\/uploads\/DSCF3941-300x225.jpg\" alt=\"\" width=\"300\" height=\"225\" srcset=\"http:\/\/www.vko.cz\/VKOweb\/wp-content\/uploads\/DSCF3941-300x225.jpg 300w, http:\/\/www.vko.cz\/VKOweb\/wp-content\/uploads\/DSCF3941-1024x768.jpg 1024w, http:\/\/www.vko.cz\/VKOweb\/wp-content\/uploads\/DSCF3941-150x113.jpg 150w, http:\/\/www.vko.cz\/VKOweb\/wp-content\/uploads\/DSCF3941-768x576.jpg 768w, http:\/\/www.vko.cz\/VKOweb\/wp-content\/uploads\/DSCF3941-520x390.jpg 520w, http:\/\/www.vko.cz\/VKOweb\/wp-content\/uploads\/DSCF3941-740x555.jpg 740w, http:\/\/www.vko.cz\/VKOweb\/wp-content\/uploads\/DSCF3941.jpg 1280w\" sizes=\"(max-width: 300px) 100vw, 300px\" \/> <img decoding=\"async\" loading=\"lazy\" class=\"size-medium wp-image-2716 alignleft\" src=\"http:\/\/www.vko.cz\/VKOweb\/wp-content\/uploads\/DSCF3944-300x225.jpg\" alt=\"\" width=\"300\" height=\"225\" srcset=\"http:\/\/www.vko.cz\/VKOweb\/wp-content\/uploads\/DSCF3944-300x225.jpg 300w, http:\/\/www.vko.cz\/VKOweb\/wp-content\/uploads\/DSCF3944-1024x768.jpg 1024w, http:\/\/www.vko.cz\/VKOweb\/wp-content\/uploads\/DSCF3944-150x113.jpg 150w, http:\/\/www.vko.cz\/VKOweb\/wp-content\/uploads\/DSCF3944-768x576.jpg 768w, http:\/\/www.vko.cz\/VKOweb\/wp-content\/uploads\/DSCF3944-520x390.jpg 520w, http:\/\/www.vko.cz\/VKOweb\/wp-content\/uploads\/DSCF3944-740x555.jpg 740w, http:\/\/www.vko.cz\/VKOweb\/wp-content\/uploads\/DSCF3944.jpg 1280w\" sizes=\"(max-width: 300px) 100vw, 300px\" \/> <img decoding=\"async\" loading=\"lazy\" class=\"size-medium wp-image-2717 alignleft\" src=\"http:\/\/www.vko.cz\/VKOweb\/wp-content\/uploads\/DSCF3948-300x225.jpg\" alt=\"\" width=\"300\" height=\"225\" srcset=\"http:\/\/www.vko.cz\/VKOweb\/wp-content\/uploads\/DSCF3948-300x225.jpg 300w, http:\/\/www.vko.cz\/VKOweb\/wp-content\/uploads\/DSCF3948-1024x768.jpg 1024w, http:\/\/www.vko.cz\/VKOweb\/wp-content\/uploads\/DSCF3948-150x113.jpg 150w, http:\/\/www.vko.cz\/VKOweb\/wp-content\/uploads\/DSCF3948-768x576.jpg 768w, http:\/\/www.vko.cz\/VKOweb\/wp-content\/uploads\/DSCF3948-520x390.jpg 520w, http:\/\/www.vko.cz\/VKOweb\/wp-content\/uploads\/DSCF3948-740x555.jpg 740w, http:\/\/www.vko.cz\/VKOweb\/wp-content\/uploads\/DSCF3948.jpg 1280w\" sizes=\"(max-width: 300px) 100vw, 300px\" \/><\/p>\n","protected":false},"excerpt":{"rendered":"<p>A\u010d doba nep\u0159eje spole\u010densk\u00fdm akc\u00edm, p\u0159\u00edroda je sv\u00e1 a jej\u00ed z\u00e1konitosti jsou nem\u011bnn\u00e9. V leto\u0161n\u00edm roce jste, z obecn\u011b zn\u00e1m\u00fdch d\u016fvod\u016f, nemohli uskute\u010dnit \u017d\u00c1BU &#8211; tradi\u010dn\u00ed zakon\u010den\u00ed vesla\u0159sk\u00e9 sezony VKO Louny. Vodnick\u00e9 povinnosti jsou ale<a class=\"read-more\" href=\"http:\/\/www.vko.cz\/VKOweb\/zamceni-reky\/\">\u010d\u00edst d\u00e1le..<\/a><\/p>\n","protected":false},"author":12,"featured_media":2717,"comment_status":"closed","ping_status":"closed","sticky":false,"template":"","format":"standard","meta":{"footnotes":""},"categories":[5],"tags":[],"_links":{"self":[{"href":"http:\/\/www.vko.cz\/VKOweb\/wp-json\/wp\/v2\/posts\/2714"}],"collection":[{"href":"http:\/\/www.vko.cz\/VKOweb\/wp-json\/wp\/v2\/posts"}],"about":[{"href":"http:\/\/www.vko.cz\/VKOweb\/wp-json\/wp\/v2\/types\/post"}],"author":[{"embeddable":true,"href":"http:\/\/www.vko.cz\/VKOweb\/wp-json\/wp\/v2\/users\/12"}],"replies":[{"embeddable":true,"href":"http:\/\/www.vko.cz\/VKOweb\/wp-json\/wp\/v2\/comments?post=2714"}],"version-history":[{"count":1,"href":"http:\/\/www.vko.cz\/VKOweb\/wp-json\/wp\/v2\/posts\/2714\/revisions"}],"predecessor-version":[{"id":2718,"href":"http:\/\/www.vko.cz\/VKOweb\/wp-json\/wp\/v2\/posts\/2714\/revisions\/2718"}],"wp:featuredmedia":[{"embeddable":true,"href":"http:\/\/www.vko.cz\/VKOweb\/wp-json\/wp\/v2\/media\/2717"}],"wp:attachment":[{"href":"http:\/\/www.vko.cz\/VKOweb\/wp-json\/wp\/v2\/media?parent=2714"}],"wp:term":[{"taxonomy":"category","embeddable":true,"href":"http:\/\/www.vko.cz\/VKOweb\/wp-json\/wp\/v2\/categories?post=2714"},{"taxonomy":"post_tag","embeddable":true,"href":"http:\/\/www.vko.cz\/VKOweb\/wp-json\/wp\/v2\/tags?post=2714"}],"curies":[{"name":"wp","href":"https:\/\/api.w.org\/{rel}","templated":true}]}}