{"id":2706,"date":"2020-12-11T13:16:00","date_gmt":"2020-12-11T19:16:00","guid":{"rendered":"http:\/\/www.vko.cz\/VKOweb\/?p=2706"},"modified":"2020-12-14T02:18:49","modified_gmt":"2020-12-14T08:18:49","slug":"scm-2021","status":"publish","type":"post","link":"http:\/\/www.vko.cz\/VKOweb\/scm-2021\/","title":{"rendered":"SCM 2021"},"content":{"rendered":"<aside>10.12. prob\u011bhly vstupn\u00ed testy do SCM 2021.\u00a0 Z na\u0161ich t\u0159\u00ed dorosteneck\u00fdch z\u00e1stupc\u016f si nejl\u00e9pe vedla Kamila Krpcov\u00e1, kter\u00e1 odjela 6km na trena\u017e\u00e9ru ve skv\u011bl\u00e9m \u010dase 24:13. Am\u00e1lka Bileck\u00e1 absolvovala tra\u0165 v \u010dase\u00a0 25:18. V\u00fdkony d\u011bv\u010dat jsou velk\u00fdm p\u0159\u00edslibem do sez\u00f3ny 2021. T\u0159et\u00edm z\u00e1stupcem na testov\u00e1n\u00ed byl Filip Pasty\u0159\u00edk, kter ztr\u00e1cel na 100% \u010das 1:30.\u00a0<\/aside>\n<aside>Jestli v\u00fdkony byly dosta\u010duj\u00edc\u00ed pro p\u0159ijet\u00ed do Sportovn\u00edho Centra Ml\u00e1de\u017ee se uvid\u00ed po odjet\u00ed v\u0161ech adept\u016f z cel\u00e9 republiky.<\/aside>\n<aside><img decoding=\"async\" loading=\"lazy\" class=\"size-medium wp-image-2708 alignleft\" src=\"http:\/\/www.vko.cz\/VKOweb\/wp-content\/uploads\/1607714113454_IMG_20201210_144117-300x224.jpg\" alt=\"\" width=\"300\" height=\"224\" srcset=\"http:\/\/www.vko.cz\/VKOweb\/wp-content\/uploads\/1607714113454_IMG_20201210_144117-300x224.jpg 300w, http:\/\/www.vko.cz\/VKOweb\/wp-content\/uploads\/1607714113454_IMG_20201210_144117-150x112.jpg 150w, http:\/\/www.vko.cz\/VKOweb\/wp-content\/uploads\/1607714113454_IMG_20201210_144117-768x574.jpg 768w, http:\/\/www.vko.cz\/VKOweb\/wp-content\/uploads\/1607714113454_IMG_20201210_144117-520x389.jpg 520w, http:\/\/www.vko.cz\/VKOweb\/wp-content\/uploads\/1607714113454_IMG_20201210_144117-740x554.jpg 740w, http:\/\/www.vko.cz\/VKOweb\/wp-content\/uploads\/1607714113454_IMG_20201210_144117.jpg 1000w\" sizes=\"(max-width: 300px) 100vw, 300px\" \/><\/aside>\n<aside><img decoding=\"async\" loading=\"lazy\" class=\"size-medium wp-image-2707 alignleft\" src=\"http:\/\/www.vko.cz\/VKOweb\/wp-content\/uploads\/1607713781860_IMG_20201210_140429-224x300.jpg\" alt=\"\" width=\"224\" height=\"300\" \/><\/aside>\n","protected":false},"excerpt":{"rendered":"<p>10.12. prob\u011bhly vstupn\u00ed testy do SCM 2021.\u00a0 Z na\u0161ich t\u0159\u00ed dorosteneck\u00fdch z\u00e1stupc\u016f si nejl\u00e9pe vedla Kamila Krpcov\u00e1, kter\u00e1 odjela 6km na trena\u017e\u00e9ru ve skv\u011bl\u00e9m \u010dase 24:13. Am\u00e1lka Bileck\u00e1 absolvovala tra\u0165 v \u010dase\u00a0 25:18. V\u00fdkony d\u011bv\u010dat<a class=\"read-more\" href=\"http:\/\/www.vko.cz\/VKOweb\/scm-2021\/\">\u010d\u00edst d\u00e1le..<\/a><\/p>\n","protected":false},"author":12,"featured_media":0,"comment_status":"closed","ping_status":"closed","sticky":false,"template":"","format":"standard","meta":{"footnotes":""},"categories":[5],"tags":[],"_links":{"self":[{"href":"http:\/\/www.vko.cz\/VKOweb\/wp-json\/wp\/v2\/posts\/2706"}],"collection":[{"href":"http:\/\/www.vko.cz\/VKOweb\/wp-json\/wp\/v2\/posts"}],"about":[{"href":"http:\/\/www.vko.cz\/VKOweb\/wp-json\/wp\/v2\/types\/post"}],"author":[{"embeddable":true,"href":"http:\/\/www.vko.cz\/VKOweb\/wp-json\/wp\/v2\/users\/12"}],"replies":[{"embeddable":true,"href":"http:\/\/www.vko.cz\/VKOweb\/wp-json\/wp\/v2\/comments?post=2706"}],"version-history":[{"count":2,"href":"http:\/\/www.vko.cz\/VKOweb\/wp-json\/wp\/v2\/posts\/2706\/revisions"}],"predecessor-version":[{"id":2713,"href":"http:\/\/www.vko.cz\/VKOweb\/wp-json\/wp\/v2\/posts\/2706\/revisions\/2713"}],"wp:attachment":[{"href":"http:\/\/www.vko.cz\/VKOweb\/wp-json\/wp\/v2\/media?parent=2706"}],"wp:term":[{"taxonomy":"category","embeddable":true,"href":"http:\/\/www.vko.cz\/VKOweb\/wp-json\/wp\/v2\/categories?post=2706"},{"taxonomy":"post_tag","embeddable":true,"href":"http:\/\/www.vko.cz\/VKOweb\/wp-json\/wp\/v2\/tags?post=2706"}],"curies":[{"name":"wp","href":"https:\/\/api.w.org\/{rel}","templated":true}]}}