{"id":2698,"date":"2020-12-06T10:35:48","date_gmt":"2020-12-06T16:35:48","guid":{"rendered":"http:\/\/www.vko.cz\/VKOweb\/?p=2698"},"modified":"2020-12-06T10:40:32","modified_gmt":"2020-12-06T16:40:32","slug":"adventni-testovani-mladych-nejen-veslaru-v-lounech-cesko-vesluje-na-vystavisti","status":"publish","type":"post","link":"http:\/\/www.vko.cz\/VKOweb\/adventni-testovani-mladych-nejen-veslaru-v-lounech-cesko-vesluje-na-vystavisti\/","title":{"rendered":"Adventn\u00ed testov\u00e1n\u00ed mlad\u00fdch (nejen) vesla\u0159\u016f v\u00a0Lounech  \u010cesko vesluje na V\u00fdstavi\u0161ti"},"content":{"rendered":"<p style=\"text-align: left;\">Velmi netradi\u010dn\u00ed vesla\u0159sk\u00e1 sez\u00f3na 2020 se ch\u00fdl\u00ed ke konci. P\u0159es \u0159adu omezen\u00ed zp\u016fsoben\u00fdch opat\u0159en\u00edm proti pandemii COVID se v\u011bt\u0161ina d\u016fle\u017eit\u00fdch z\u00e1vod\u016f na vod\u011b mohla uskute\u010dnit. Bohu\u017eel podzimn\u00ed izolace (co\u017e je \u010desk\u00fd p\u0159eklad anglick\u00e9ho v\u00fdrazu lockdown) vedla ke zru\u0161en\u00ed Ve\u0159ejn\u00e9ho halov\u00e9ho triatlonu, stejn\u011b tak jako v\u0161ech dal\u0161\u00edch sportovn\u00edch akc\u00ed amat\u00e9r\u016f v t\u011blocvi\u010dn\u00e1ch a hal\u00e1ch.<br \/>\nSou\u010dasn\u00e1 situace ale ji\u017e alespo\u0148 umo\u017e\u0148uje sportov\u00e1n\u00ed ve v\u011bt\u0161\u00edch skupin\u00e1ch venku za ur\u010dit\u00fdch omezen\u00ed. V\u00fdbor vesla\u0159sk\u00e9ho klubu Oh\u0159e Louny se proto rozhodl uspo\u0159\u00e1dat v prostor\u00e1ch V\u00fdstavi\u0161t\u011b (p\u0159ed Pavilonem A, na asfaltov\u00e9m okruhu) uspo\u0159\u00e1dat pro mlad\u00e9 vesla\u0159e i ostatn\u00ed sportovce od 6 do 16 let v<strong>e st\u0159edu 16. prosince 2020 od 15:00 hodin akci s n\u00e1zvem Adventn\u00ed testov\u00e1n\u00ed mlad\u00fdch sportovc\u016f.<\/strong> P\u016fjde o test fyzick\u00e9 zdatnosti v r\u00e1mci programu \u010cesk\u00e9ho vesla\u0159sk\u00e9ho svazu \u201eP\u0159ij\u010f veslovat\u201c po dohledem \u00fast\u0159edn\u00edho tren\u00e9ra ml\u00e1de\u017ee v t\u011bchto discipl\u00edn\u00e1ch:<\/p>\n<p style=\"text-align: center;\">B\u011bh na 60 metr\u016f<br \/>\nD\u00e9lka p\u011btiskoku z m\u00edsta<br \/>\nHloubka p\u0159edklonu v centimetrech<br \/>\nHod medicinbalem<br \/>\nPo\u010det skok\u016f p\u0159es \u0161vihadlo za 2 minuty<br \/>\nB\u011bh na 1000 metr\u016f<\/p>\n<p style=\"text-align: left;\">Test je povinn\u00fd pro registrovan\u00e9 \u010dleny VK Oh\u0159e, kte\u0159\u00ed se z r\u016fzn\u00fdch d\u016fvod\u016f nemohli v roce 2020 z\u00fa\u010dastnit \u017e\u00e1dn\u00e9ho mistrovsk\u00e9ho z\u00e1vodu na vod\u011b. M\u016f\u017ee se ho ale z\u00fa\u010dastnit ka\u017ed\u00fd mlad\u00fd sportovec nebo z\u00e1jemce o \u010dlenstv\u00ed ve sportovn\u00edch spolc\u00edch.<\/p>\n<p style=\"text-align: center;\"><strong>Nen\u00ed pot\u0159eba se dop\u0159edu hl\u00e1sit, otestov\u00e1n bude ka\u017ed\u00fd z\u00e1jemce.<\/strong><br \/>\n<strong>Doprovodnou akc\u00ed test\u016f bude veslov\u00e1n\u00ed na trena\u017e\u00e9rech v r\u00e1mci programu \u201e\u010cesko vesluje\u201c.<\/strong><\/p>\n<p><img decoding=\"async\" loading=\"lazy\" class=\"alignleft\" src=\"https:\/\/www.veslo.cz\/imagebank\/43549984\/800\/600\/cvs_logo_projekce.jpg\" width=\"175\" height=\"167\" \/><img decoding=\"async\" loading=\"lazy\" class=\"alignleft\" src=\"https:\/\/lh3.googleusercontent.com\/proxy\/ggwVQAelDSz5cfYLZeSdePO90C5jKQKY1y640Eyx6YD_8aLKGqsdRtd9mS33vvNHPtLi0-j5QSGw3Hxwb6uLq8gWg_GpcPoonBdUWNl6IsIrvMAC4n99_3dfBmHwFxeZv1ya91zFBmXBKUMMqmiRkg\" width=\"309\" height=\"170\" \/><img decoding=\"async\" loading=\"lazy\" class=\"wp-image-2082 alignleft\" src=\"http:\/\/www.vko.cz\/VKOweb\/wp-content\/uploads\/vko_logo-300x278.png\" alt=\"\" width=\"188\" height=\"174\" srcset=\"http:\/\/www.vko.cz\/VKOweb\/wp-content\/uploads\/vko_logo.png 300w, http:\/\/www.vko.cz\/VKOweb\/wp-content\/uploads\/vko_logo-150x139.png 150w\" sizes=\"(max-width: 188px) 100vw, 188px\" \/><\/p>\n<p>&nbsp;<\/p>\n<p><img decoding=\"async\" loading=\"lazy\" class=\"size-medium alignleft\" src=\"http:\/\/www.earch.cz\/sites\/default\/files\/styles\/article_full\/public\/images\/gallery\/24.9.2018\/ondrej-tucek-rekonstrukce-pavilonu\/louny_002.jpg?itok=QD6tivqK\" width=\"800\" height=\"532\" \/><\/p>\n<p><a href=\"https:\/\/mapy.cz\/s\/gurenutomu\"><img decoding=\"async\" loading=\"lazy\" class=\"size-medium wp-image-2701 alignleft\" src=\"http:\/\/www.vko.cz\/VKOweb\/wp-content\/uploads\/Testovani-pozvanka-20201204-Dokumenty-Google-300x222.png\" alt=\"\" width=\"300\" height=\"222\" srcset=\"http:\/\/www.vko.cz\/VKOweb\/wp-content\/uploads\/Testovani-pozvanka-20201204-Dokumenty-Google-300x222.png 300w, http:\/\/www.vko.cz\/VKOweb\/wp-content\/uploads\/Testovani-pozvanka-20201204-Dokumenty-Google-150x111.png 150w, http:\/\/www.vko.cz\/VKOweb\/wp-content\/uploads\/Testovani-pozvanka-20201204-Dokumenty-Google-520x384.png 520w, http:\/\/www.vko.cz\/VKOweb\/wp-content\/uploads\/Testovani-pozvanka-20201204-Dokumenty-Google.png 559w\" sizes=\"(max-width: 300px) 100vw, 300px\" \/><\/a><\/p>\n","protected":false},"excerpt":{"rendered":"<p>Velmi netradi\u010dn\u00ed vesla\u0159sk\u00e1 sez\u00f3na 2020 se ch\u00fdl\u00ed ke konci. P\u0159es \u0159adu omezen\u00ed zp\u016fsoben\u00fdch opat\u0159en\u00edm proti pandemii COVID se v\u011bt\u0161ina d\u016fle\u017eit\u00fdch z\u00e1vod\u016f na vod\u011b mohla uskute\u010dnit. Bohu\u017eel podzimn\u00ed izolace (co\u017e je \u010desk\u00fd p\u0159eklad anglick\u00e9ho v\u00fdrazu lockdown)<a class=\"read-more\" href=\"http:\/\/www.vko.cz\/VKOweb\/adventni-testovani-mladych-nejen-veslaru-v-lounech-cesko-vesluje-na-vystavisti\/\">\u010d\u00edst d\u00e1le..<\/a><\/p>\n","protected":false},"author":12,"featured_media":0,"comment_status":"closed","ping_status":"closed","sticky":false,"template":"","format":"standard","meta":{"footnotes":""},"categories":[5],"tags":[],"_links":{"self":[{"href":"http:\/\/www.vko.cz\/VKOweb\/wp-json\/wp\/v2\/posts\/2698"}],"collection":[{"href":"http:\/\/www.vko.cz\/VKOweb\/wp-json\/wp\/v2\/posts"}],"about":[{"href":"http:\/\/www.vko.cz\/VKOweb\/wp-json\/wp\/v2\/types\/post"}],"author":[{"embeddable":true,"href":"http:\/\/www.vko.cz\/VKOweb\/wp-json\/wp\/v2\/users\/12"}],"replies":[{"embeddable":true,"href":"http:\/\/www.vko.cz\/VKOweb\/wp-json\/wp\/v2\/comments?post=2698"}],"version-history":[{"count":6,"href":"http:\/\/www.vko.cz\/VKOweb\/wp-json\/wp\/v2\/posts\/2698\/revisions"}],"predecessor-version":[{"id":2705,"href":"http:\/\/www.vko.cz\/VKOweb\/wp-json\/wp\/v2\/posts\/2698\/revisions\/2705"}],"wp:attachment":[{"href":"http:\/\/www.vko.cz\/VKOweb\/wp-json\/wp\/v2\/media?parent=2698"}],"wp:term":[{"taxonomy":"category","embeddable":true,"href":"http:\/\/www.vko.cz\/VKOweb\/wp-json\/wp\/v2\/categories?post=2698"},{"taxonomy":"post_tag","embeddable":true,"href":"http:\/\/www.vko.cz\/VKOweb\/wp-json\/wp\/v2\/tags?post=2698"}],"curies":[{"name":"wp","href":"https:\/\/api.w.org\/{rel}","templated":true}]}}