{"id":240,"date":"2010-04-12T02:39:46","date_gmt":"2010-04-12T08:39:46","guid":{"rendered":"http:\/\/www.vko.cz\/VKOweb\/?p=240"},"modified":"2010-04-13T14:24:38","modified_gmt":"2010-04-13T20:24:38","slug":"mcr-na-dlouhe-trati-2010","status":"publish","type":"post","link":"http:\/\/www.vko.cz\/VKOweb\/mcr-na-dlouhe-trati-2010\/","title":{"rendered":"M\u010cR na dlouh\u00e9 trati 2010"},"content":{"rendered":"<p>V sobotu jsme se z\u00fa\u010dastnili na Ho\u0159\u00ednsk\u00e9m kan\u00e1le mistrovstv\u00ed republiky na dlouh\u00e9 trati. Pro Jirku Hetzla druh\u00fd z\u00e1vod v kari\u00e9\u0159e a op\u011bt 6km distan\u010dn\u011b. S Romanem Vurbsem si dojeli pro 7. m\u00edsto na 2-dci a t\u00edm se nominovali na kontroln\u00ed z\u00e1vody do Ra\u010dic. Filip \u010cern\u00fd na skifu j\u0159i\u00a0dojel na 30.m\u00edst\u011b.Petr Kole\u0148\u00e1k si dojel v mu\u017e\u00edch pro 27.m\u00edsto a v lehk\u00fdch v\u00e1h\u00e1ch L\u00e1dik Miklos dojel na 21.m\u00edst\u011b.Kompletn\u00ed v\u00fdsledky jsou zde <a href=\"http:\/\/www.veslo.cz\/vysledky-mcr-dlouha-trat-2010\/4420080\/horin2010.xls\">http:\/\/www.veslo.cz\/vysledky-mcr-dlouha-trat-2010\/4420080\/horin2010.xls<\/a> <a href=\"http:\/\/www.vko.cz\/VKOweb\/mcr-na-dlouhe-trati-2010\/horin_2010\/\" rel=\"attachment wp-att-255\"><img decoding=\"async\" loading=\"lazy\" src=\"http:\/\/www.vko.cz\/VKOweb\/wp-content\/uploads\/Horin_2010-300x225.jpg\" alt=\"\" title=\"Horin_2010\" width=\"300\" height=\"225\" class=\"alignleft size-medium wp-image-255\" srcset=\"http:\/\/www.vko.cz\/VKOweb\/wp-content\/uploads\/Horin_2010-300x225.jpg 300w, http:\/\/www.vko.cz\/VKOweb\/wp-content\/uploads\/Horin_2010-150x112.jpg 150w, http:\/\/www.vko.cz\/VKOweb\/wp-content\/uploads\/Horin_2010.jpg 640w\" sizes=\"(max-width: 300px) 100vw, 300px\" \/><\/a><\/p>\n","protected":false},"excerpt":{"rendered":"<p>V sobotu jsme se z\u00fa\u010dastnili na Ho\u0159\u00ednsk\u00e9m kan\u00e1le mistrovstv\u00ed republiky na dlouh\u00e9 trati. Pro Jirku Hetzla druh\u00fd z\u00e1vod v kari\u00e9\u0159e a op\u011bt 6km distan\u010dn\u011b. S Romanem Vurbsem si dojeli pro 7. m\u00edsto na 2-dci a<a class=\"read-more\" href=\"http:\/\/www.vko.cz\/VKOweb\/mcr-na-dlouhe-trati-2010\/\">\u010d\u00edst d\u00e1le..<\/a><\/p>\n","protected":false},"author":5,"featured_media":0,"comment_status":"open","ping_status":"open","sticky":false,"template":"","format":"standard","meta":{"footnotes":""},"categories":[5],"tags":[],"_links":{"self":[{"href":"http:\/\/www.vko.cz\/VKOweb\/wp-json\/wp\/v2\/posts\/240"}],"collection":[{"href":"http:\/\/www.vko.cz\/VKOweb\/wp-json\/wp\/v2\/posts"}],"about":[{"href":"http:\/\/www.vko.cz\/VKOweb\/wp-json\/wp\/v2\/types\/post"}],"author":[{"embeddable":true,"href":"http:\/\/www.vko.cz\/VKOweb\/wp-json\/wp\/v2\/users\/5"}],"replies":[{"embeddable":true,"href":"http:\/\/www.vko.cz\/VKOweb\/wp-json\/wp\/v2\/comments?post=240"}],"version-history":[{"count":3,"href":"http:\/\/www.vko.cz\/VKOweb\/wp-json\/wp\/v2\/posts\/240\/revisions"}],"predecessor-version":[{"id":257,"href":"http:\/\/www.vko.cz\/VKOweb\/wp-json\/wp\/v2\/posts\/240\/revisions\/257"}],"wp:attachment":[{"href":"http:\/\/www.vko.cz\/VKOweb\/wp-json\/wp\/v2\/media?parent=240"}],"wp:term":[{"taxonomy":"category","embeddable":true,"href":"http:\/\/www.vko.cz\/VKOweb\/wp-json\/wp\/v2\/categories?post=240"},{"taxonomy":"post_tag","embeddable":true,"href":"http:\/\/www.vko.cz\/VKOweb\/wp-json\/wp\/v2\/tags?post=240"}],"curies":[{"name":"wp","href":"https:\/\/api.w.org\/{rel}","templated":true}]}}