{"id":1850,"date":"2018-10-09T07:06:06","date_gmt":"2018-10-09T13:06:06","guid":{"rendered":"http:\/\/www.vko.cz\/VKOweb\/?p=1850"},"modified":"2018-10-09T07:06:06","modified_gmt":"2018-10-09T13:06:06","slug":"mladsi-zakyne-z-vk-ohre-louny-seste-v-republice","status":"publish","type":"post","link":"http:\/\/www.vko.cz\/VKOweb\/mladsi-zakyne-z-vk-ohre-louny-seste-v-republice\/","title":{"rendered":"Mlad\u0161\u00ed \u017e\u00e1kyn\u011b z VK Oh\u0159e Louny \u0161est\u00e9 v republice"},"content":{"rendered":"<p>Jednoho z nejv\u011bt\u0161\u00edch kolektivn\u00edch \u00fasp\u011bch\u016f Vesla\u0159sk\u00e9ho klubu Oh\u0159e Louny v posledn\u00edch letech mlad\u0161\u00ed \u017e\u00e1kyn\u011b. Do fin\u00e1lov\u00e9ho z\u00e1vodu v Ra\u010dic\u00edch postoupily dokonce ze 6. m\u00edsta v republice. O v\u00edkendu 22. a 23. z\u00e1\u0159\u00ed d\u00edvky startovaly ve t\u0159ech discipl\u00edn\u00e1ch. M\u011bly teoretickou \u0161anci posunout se na p\u00e1tou p\u0159\u00ed\u010dku p\u0159ed Lysou. Bohu\u017eel se tento \u00fatok\u00a0nezda\u0159il. Ve fin\u00e1le p\u00e1rov\u00fdch \u010dty\u0159ek dojely na 5. m\u00edst\u011b. Dvojskif M. \u0160ediv\u00e1, J. Sad\u00edlkov\u00e1 bojoval celkovou o 3. p\u0159\u00ed\u010dku, ale ve fini\u0161i podlehl Jind\u0159ichovu Hradci. Z\u00e1vody uzav\u0159ela p\u011bkn\u00fdm 11. m\u00edstem N. Hu\u0161kov\u00e1. Mlad\u0161\u00ed \u017e\u00e1kyn\u011b t<\/p>\n<p>\u00edmto sv\u00fdm vystoupen\u00edm \u00fasp\u011b\u0161n\u011b zakon\u010dily hlavn\u00ed z\u00e1vodn\u00ed sez\u00f3nu a potvrdily stoupaj\u00edc\u00ed v\u00fdkonnost v\u0161ech \u017e\u00e1kovsk\u00fdch pos\u00e1dek, kter\u00e9\u00a0se v posledn\u00edch t\u00fddnech \u00fa\u010dastnily soust\u0159ed\u011bn\u00ed a z\u00e1vod\u016f v Jind\u0159ichov\u011b Hradci a regat v Roudnici, Litom\u011b\u0159ic\u00edch a Brand\u00fdse. Vesla\u0159sk\u00e1 sez\u00f3na bude zakon\u010dena z\u00e1vody v M\u011bln\u00edku a na konci \u0159\u00edjna tradi\u010dn\u00edm Elbe Pokalem v Dr\u00e1\u017e\u010fanech.<img decoding=\"async\" loading=\"lazy\" class=\"size-medium wp-image-1852 alignleft\" src=\"http:\/\/www.vko.cz\/VKOweb\/wp-content\/uploads\/DSC_8547-300x201.jpg\" alt=\"\" width=\"300\" height=\"201\" srcset=\"http:\/\/www.vko.cz\/VKOweb\/wp-content\/uploads\/DSC_8547-300x201.jpg 300w, http:\/\/www.vko.cz\/VKOweb\/wp-content\/uploads\/DSC_8547-150x100.jpg 150w, http:\/\/www.vko.cz\/VKOweb\/wp-content\/uploads\/DSC_8547-768x514.jpg 768w, http:\/\/www.vko.cz\/VKOweb\/wp-content\/uploads\/DSC_8547-390x260.jpg 390w, http:\/\/www.vko.cz\/VKOweb\/wp-content\/uploads\/DSC_8547-520x348.jpg 520w, http:\/\/www.vko.cz\/VKOweb\/wp-content\/uploads\/DSC_8547-740x495.jpg 740w, http:\/\/www.vko.cz\/VKOweb\/wp-content\/uploads\/DSC_8547.jpg 1000w\" sizes=\"(max-width: 300px) 100vw, 300px\" \/> <img decoding=\"async\" loading=\"lazy\" class=\"size-medium wp-image-1853 alignleft\" src=\"http:\/\/www.vko.cz\/VKOweb\/wp-content\/uploads\/DSC_8565-300x201.jpg\" alt=\"\" width=\"300\" height=\"201\" srcset=\"http:\/\/www.vko.cz\/VKOweb\/wp-content\/uploads\/DSC_8565-300x201.jpg 300w, http:\/\/www.vko.cz\/VKOweb\/wp-content\/uploads\/DSC_8565-150x100.jpg 150w, http:\/\/www.vko.cz\/VKOweb\/wp-content\/uploads\/DSC_8565-768x514.jpg 768w, http:\/\/www.vko.cz\/VKOweb\/wp-content\/uploads\/DSC_8565-390x260.jpg 390w, http:\/\/www.vko.cz\/VKOweb\/wp-content\/uploads\/DSC_8565-520x348.jpg 520w, http:\/\/www.vko.cz\/VKOweb\/wp-content\/uploads\/DSC_8565-740x495.jpg 740w, http:\/\/www.vko.cz\/VKOweb\/wp-content\/uploads\/DSC_8565.jpg 1000w\" sizes=\"(max-width: 300px) 100vw, 300px\" \/><\/p>\n<p>&nbsp;<\/p>\n<p>&nbsp;<\/p>\n<p>&nbsp;<\/p>\n<p>&nbsp;<\/p>\n<p>&nbsp;<\/p>\n<p>&nbsp;<\/p>\n<p>Fotky:<\/p>\n<p>1. Zleva: Jana Sad\u00edlkov\u00e1, Maja \u0160ediv\u00e1, Magda Venclov\u00e1 (korm.), \u0160\u00e1rka Venclov\u00e1 a Nat\u00e1lka Hu\u0161kov\u00e1<br \/>\n2. Dramatick\u00fd z\u00e1v\u011br z\u00e1vodu dvojskif\u016f, s \u010d\u00edslem 5 pos\u00e1dka VK Oh\u0159e.<br \/>\n3. Foto z Brand\u00fdsa nad Labem, p\u00e1rov\u00e9 \u010dty\u0159ky \u017e\u00e1k\u016f mlad\u0161\u00edch. Vzadu spole\u010denstv\u00ed Louny, Roudnice Zleva: Macha\u010d (korm.), Smetana, Volek, Brad\u00e1\u010d (Rou), Vorel<\/p>\n","protected":false},"excerpt":{"rendered":"<p>Jednoho z nejv\u011bt\u0161\u00edch kolektivn\u00edch \u00fasp\u011bch\u016f Vesla\u0159sk\u00e9ho klubu Oh\u0159e Louny v posledn\u00edch letech mlad\u0161\u00ed \u017e\u00e1kyn\u011b. Do fin\u00e1lov\u00e9ho z\u00e1vodu v Ra\u010dic\u00edch postoupily dokonce ze 6. m\u00edsta v republice. O v\u00edkendu 22. a 23. z\u00e1\u0159\u00ed d\u00edvky startovaly ve<a class=\"read-more\" href=\"http:\/\/www.vko.cz\/VKOweb\/mladsi-zakyne-z-vk-ohre-louny-seste-v-republice\/\">\u010d\u00edst d\u00e1le..<\/a><\/p>\n","protected":false},"author":12,"featured_media":1851,"comment_status":"closed","ping_status":"closed","sticky":false,"template":"","format":"standard","meta":{"footnotes":""},"categories":[5],"tags":[],"_links":{"self":[{"href":"http:\/\/www.vko.cz\/VKOweb\/wp-json\/wp\/v2\/posts\/1850"}],"collection":[{"href":"http:\/\/www.vko.cz\/VKOweb\/wp-json\/wp\/v2\/posts"}],"about":[{"href":"http:\/\/www.vko.cz\/VKOweb\/wp-json\/wp\/v2\/types\/post"}],"author":[{"embeddable":true,"href":"http:\/\/www.vko.cz\/VKOweb\/wp-json\/wp\/v2\/users\/12"}],"replies":[{"embeddable":true,"href":"http:\/\/www.vko.cz\/VKOweb\/wp-json\/wp\/v2\/comments?post=1850"}],"version-history":[{"count":1,"href":"http:\/\/www.vko.cz\/VKOweb\/wp-json\/wp\/v2\/posts\/1850\/revisions"}],"predecessor-version":[{"id":1854,"href":"http:\/\/www.vko.cz\/VKOweb\/wp-json\/wp\/v2\/posts\/1850\/revisions\/1854"}],"wp:featuredmedia":[{"embeddable":true,"href":"http:\/\/www.vko.cz\/VKOweb\/wp-json\/wp\/v2\/media\/1851"}],"wp:attachment":[{"href":"http:\/\/www.vko.cz\/VKOweb\/wp-json\/wp\/v2\/media?parent=1850"}],"wp:term":[{"taxonomy":"category","embeddable":true,"href":"http:\/\/www.vko.cz\/VKOweb\/wp-json\/wp\/v2\/categories?post=1850"},{"taxonomy":"post_tag","embeddable":true,"href":"http:\/\/www.vko.cz\/VKOweb\/wp-json\/wp\/v2\/tags?post=1850"}],"curies":[{"name":"wp","href":"https:\/\/api.w.org\/{rel}","templated":true}]}}