{"id":159,"date":"2010-03-13T05:26:54","date_gmt":"2010-03-13T11:26:54","guid":{"rendered":"http:\/\/www.vko.cz\/VKOweb\/?p=159"},"modified":"2010-03-16T14:38:28","modified_gmt":"2010-03-16T20:38:28","slug":"zavery-valne-hromady-vko","status":"publish","type":"post","link":"http:\/\/www.vko.cz\/VKOweb\/zavery-valne-hromady-vko\/","title":{"rendered":"Z\u00e1v\u011bry Valn\u00e9 hromady VKO"},"content":{"rendered":"<p>Valn\u00e1 hromada 12.3.2010 schv\u00e1lila zpr\u00e1vy p\u0159edsedy, kapit\u00e1na i hospod\u00e1\u0159ky a odsouhlasila upraven\u00e9 zn\u011bn\u00ed stanov. Bylo zvoleno nov\u00e9 slo\u017een\u00ed v\u00fdkonn\u00e9ho v\u00fdboru VKO: Jarom\u00edr Vorel (p\u0159edseda), Pavel Bl\u00e1ha ml. (kapit\u00e1n), Dana Kalusov\u00e1 (hospod\u00e1\u0159ka), Pavel Bl\u00e1ha st, Ji\u0159\u00ed Jeremi\u00e1\u0161, Mark\u00e9ta Loulov\u00e1, Martin Vorel, Jan \u017dalud. Revizn\u00ed komisi nov\u011b tvo\u0159\u00ed H. Bla\u017ekov\u00e1, J. Rychta\u0159\u00edk a N. Richterov\u00e1.<br \/>\nKlub pod\u011bkoval odch\u00e1zej\u00edc\u00edmu p\u0159edsedovi M. Vorlovi za 6 let vy\u010derp\u00e1vaj\u00edc\u00ed pr\u00e1ce v \u010dele klubu, se svou rol\u00ed tren\u00e9rky se t\u00e9\u017e lou\u010d\u00ed H. Ko\u017eeluhov\u00e1, kter\u00e1 zakl\u00e1d\u00e1 rodinu v \u00dast\u00ed nad Labem.<br \/>\nPrvn\u00ed zased\u00e1n\u00ed v\u00fdkonn\u00e9ho v\u00fdboru prob\u011bhne v \u00fater\u00fd 23.3., kde bude projedn\u00e1na mj. st\u00ed\u017enost \u010d\u00e1sti \u010dlen\u016f na zaji\u0161t\u011bn\u00ed trenink\u016f. Na doporu\u010den\u00ed RK budou z\u00e1pisy z jedn\u00e1n\u00ed v\u00fdboru zve\u0159ejn\u011bny na klubov\u00fdch str\u00e1nk\u00e1ch.<br \/>\nKompletn\u00ed z\u00e1v\u011bry VH a dal\u0161\u00ed materi\u00e1ly budou p\u0159ipojeny po jejich kompletaci. <a href='http:\/\/www.vko.cz\/VKOweb\/zavery-valne-hromady-vko\/vh_2010_files\/' rel='attachment wp-att-182'>VH_2010_files.zip<\/a>.<\/p>\n","protected":false},"excerpt":{"rendered":"<p>Valn\u00e1 hromada 12.3.2010 schv\u00e1lila zpr\u00e1vy p\u0159edsedy, kapit\u00e1na i hospod\u00e1\u0159ky a odsouhlasila upraven\u00e9 zn\u011bn\u00ed stanov. Bylo zvoleno nov\u00e9 slo\u017een\u00ed v\u00fdkonn\u00e9ho v\u00fdboru VKO: Jarom\u00edr Vorel (p\u0159edseda), Pavel Bl\u00e1ha ml. (kapit\u00e1n), Dana Kalusov\u00e1 (hospod\u00e1\u0159ka), Pavel Bl\u00e1ha st, Ji\u0159\u00ed<a class=\"read-more\" href=\"http:\/\/www.vko.cz\/VKOweb\/zavery-valne-hromady-vko\/\">\u010d\u00edst d\u00e1le..<\/a><\/p>\n","protected":false},"author":4,"featured_media":0,"comment_status":"open","ping_status":"open","sticky":false,"template":"","format":"standard","meta":{"footnotes":""},"categories":[5],"tags":[],"_links":{"self":[{"href":"http:\/\/www.vko.cz\/VKOweb\/wp-json\/wp\/v2\/posts\/159"}],"collection":[{"href":"http:\/\/www.vko.cz\/VKOweb\/wp-json\/wp\/v2\/posts"}],"about":[{"href":"http:\/\/www.vko.cz\/VKOweb\/wp-json\/wp\/v2\/types\/post"}],"author":[{"embeddable":true,"href":"http:\/\/www.vko.cz\/VKOweb\/wp-json\/wp\/v2\/users\/4"}],"replies":[{"embeddable":true,"href":"http:\/\/www.vko.cz\/VKOweb\/wp-json\/wp\/v2\/comments?post=159"}],"version-history":[{"count":9,"href":"http:\/\/www.vko.cz\/VKOweb\/wp-json\/wp\/v2\/posts\/159\/revisions"}],"predecessor-version":[{"id":186,"href":"http:\/\/www.vko.cz\/VKOweb\/wp-json\/wp\/v2\/posts\/159\/revisions\/186"}],"wp:attachment":[{"href":"http:\/\/www.vko.cz\/VKOweb\/wp-json\/wp\/v2\/media?parent=159"}],"wp:term":[{"taxonomy":"category","embeddable":true,"href":"http:\/\/www.vko.cz\/VKOweb\/wp-json\/wp\/v2\/categories?post=159"},{"taxonomy":"post_tag","embeddable":true,"href":"http:\/\/www.vko.cz\/VKOweb\/wp-json\/wp\/v2\/tags?post=159"}],"curies":[{"name":"wp","href":"https:\/\/api.w.org\/{rel}","templated":true}]}}