{"id":1564,"date":"2017-11-12T12:47:29","date_gmt":"2017-11-12T18:47:29","guid":{"rendered":"http:\/\/www.vko.cz\/VKOweb\/?p=1564"},"modified":"2017-11-12T13:12:01","modified_gmt":"2017-11-12T19:12:01","slug":"zaba-2017-2","status":"publish","type":"post","link":"http:\/\/www.vko.cz\/VKOweb\/zaba-2017-2\/","title":{"rendered":"\u017d\u00e1ba 2017"},"content":{"rendered":"<p><strong>\u010clenov\u00e9 Vesla\u0159sk\u00e9ho klubu Oh\u0159e Louny ukon\u010dili dne 11. listopadu \u00fasp\u011b\u0161nou z\u00e1vodn\u00ed sez\u00f3nu p\u0159i tradi\u010dn\u00ed slavnosti zvan\u00e9 odprad\u00e1vna \u017d\u00e1ba. V \u010dasn\u00fdch odpoledn\u00edch hodin\u00e1ch\u00a0slavnost za\u010dala z\u00e1vodem p\u00e1rov\u00fdch \u010dty\u0159ek, jejich\u017e pos\u00e1dky byly vyb\u00edr\u00e1ny losem. Na jedn\u00e9\u00a0lodi se tak nap\u0159\u00edklad setkal bronzov\u00fd medailista z leto\u0161n\u00edho z\u00e1vodu\u00a0 junior\u016f\u00a0Coupe de la Jeunesse s mlad\u0161\u00ed \u017e\u00e1kyn\u00ed (ro\u010dn\u00edk 2006).\u00a0Po fin\u00e1lov\u00e9 j\u00edzd\u011b, v n\u00ed\u017e zv\u00edt\u011bzila pos\u00e1dka B. Jandov\u00e1, M. Venclov\u00e1, J. Le\u0161ko a J. Vorel s kormideln\u00edkem E. Nazarukem, do\u0161lo na op\u00e9k\u00e1n\u00ed vu\u0159t\u016f. N\u00e1sledovalo vyhl\u00e1\u0161en\u00ed nejlep\u0161\u00ed pos\u00e1dky, ji\u017e se zcela podle o\u010dek\u00e1v\u00e1n\u00ed stala dvojka junior\u016f Petr Bl\u00e1ha a Jan Le\u0161ko.<\/strong><\/p>\n<p><strong>Term\u00edn leto\u0161n\u00ed \u017d\u00e1by letos p\u0159ipadl na Den v\u00e1le\u010dn\u00fdch veter\u00e1n\u016f. \u010clenov\u00e9 a p\u0159\u00e1tel\u00e9 klubu se proto se\u0161li p\u0159esn\u011b v 11.00\u00a0u pomn\u00edku vesla\u0159\u016f popraven\u00fdch a umu\u010den\u00fdch za 2. sv\u011btov\u00e9 v\u00e1lky. P\u0159ipomn\u011bli si, \u017ee \u0159ada t\u011bchto ob\u010dan\u016f m\u011bsta a bojovn\u00edk\u016f za svobodu tzv. Druh\u00e9ho odboje, bojovala v letech 1914 a\u017e 1918 v rakousk\u00e9 arm\u00e1d\u011b a v \u010ceskoslovensk\u00fdch legi\u00edch. Loun\u0161t\u00ed vesla\u0159i v\u0161ak ani na podzim nezah\u00e1lej\u00ed. Ji\u017e p\u0159\u00ed\u0161t\u00ed sobotu budou po\u0159\u00e1dat v M\u011bstsk\u00e9 sportovn\u00ed hale ji\u017e t\u0159iadvac\u00e1t\u00fd Ve\u0159ejn\u00fd halov\u00fd triatlon. O\u010dek\u00e1vaj\u00ed \u00fa\u010dast v\u00edce ne\u017e 500 sportovc\u016f v\u0161ech kategori\u00ed.<\/strong><\/p>\n<p><strong><a href=\"http:\/\/vko1883.rajce.idnes.cz\/Zaba_2017\/\">http:\/\/vko1883.rajce.idnes.cz\/Zaba_2017<\/a>\/<\/strong><\/p>\n<p><strong><a rel=\"attachment wp-att-1565\" href=\"http:\/\/www.vko.cz\/VKOweb\/zaba-2017-2\/dscn0536\/\"><img decoding=\"async\" loading=\"lazy\" class=\"alignnone size-medium wp-image-1565\" src=\"http:\/\/www.vko.cz\/VKOweb\/wp-content\/uploads\/DSCN0536-300x225.jpg\" alt=\"\" width=\"300\" height=\"225\" srcset=\"http:\/\/www.vko.cz\/VKOweb\/wp-content\/uploads\/DSCN0536-300x225.jpg 300w, http:\/\/www.vko.cz\/VKOweb\/wp-content\/uploads\/DSCN0536-150x112.jpg 150w, http:\/\/www.vko.cz\/VKOweb\/wp-content\/uploads\/DSCN0536.jpg 1000w\" sizes=\"(max-width: 300px) 100vw, 300px\" \/><\/a><\/strong><\/p>\n<p><strong><a rel=\"attachment wp-att-1566\" href=\"http:\/\/www.vko.cz\/VKOweb\/zaba-2017-2\/dscn0553\/\"><img decoding=\"async\" loading=\"lazy\" class=\"alignnone size-medium wp-image-1566\" src=\"http:\/\/www.vko.cz\/VKOweb\/wp-content\/uploads\/DSCN0553-300x225.jpg\" alt=\"\" width=\"300\" height=\"225\" srcset=\"http:\/\/www.vko.cz\/VKOweb\/wp-content\/uploads\/DSCN0553-300x225.jpg 300w, http:\/\/www.vko.cz\/VKOweb\/wp-content\/uploads\/DSCN0553-150x112.jpg 150w, http:\/\/www.vko.cz\/VKOweb\/wp-content\/uploads\/DSCN0553.jpg 1000w\" sizes=\"(max-width: 300px) 100vw, 300px\" \/><\/a><\/strong><\/p>\n<p><strong><a rel=\"attachment wp-att-1567\" href=\"http:\/\/www.vko.cz\/VKOweb\/zaba-2017-2\/dscn0558\/\"><img decoding=\"async\" loading=\"lazy\" class=\"alignnone size-medium wp-image-1567\" src=\"http:\/\/www.vko.cz\/VKOweb\/wp-content\/uploads\/DSCN0558-225x300.jpg\" alt=\"\" width=\"225\" height=\"300\" srcset=\"http:\/\/www.vko.cz\/VKOweb\/wp-content\/uploads\/DSCN0558-225x300.jpg 225w, http:\/\/www.vko.cz\/VKOweb\/wp-content\/uploads\/DSCN0558-112x150.jpg 112w, http:\/\/www.vko.cz\/VKOweb\/wp-content\/uploads\/DSCN0558.jpg 750w\" sizes=\"(max-width: 225px) 100vw, 225px\" \/><\/a><\/strong><\/p>\n","protected":false},"excerpt":{"rendered":"<p>\u010clenov\u00e9 Vesla\u0159sk\u00e9ho klubu Oh\u0159e Louny ukon\u010dili dne 11. listopadu \u00fasp\u011b\u0161nou z\u00e1vodn\u00ed sez\u00f3nu p\u0159i tradi\u010dn\u00ed slavnosti zvan\u00e9 odprad\u00e1vna \u017d\u00e1ba. V \u010dasn\u00fdch odpoledn\u00edch hodin\u00e1ch\u00a0slavnost za\u010dala z\u00e1vodem p\u00e1rov\u00fdch \u010dty\u0159ek, jejich\u017e pos\u00e1dky byly vyb\u00edr\u00e1ny losem. Na jedn\u00e9\u00a0lodi se tak<a class=\"read-more\" href=\"http:\/\/www.vko.cz\/VKOweb\/zaba-2017-2\/\">\u010d\u00edst d\u00e1le..<\/a><\/p>\n","protected":false},"author":5,"featured_media":0,"comment_status":"open","ping_status":"closed","sticky":false,"template":"","format":"standard","meta":{"footnotes":""},"categories":[5],"tags":[],"_links":{"self":[{"href":"http:\/\/www.vko.cz\/VKOweb\/wp-json\/wp\/v2\/posts\/1564"}],"collection":[{"href":"http:\/\/www.vko.cz\/VKOweb\/wp-json\/wp\/v2\/posts"}],"about":[{"href":"http:\/\/www.vko.cz\/VKOweb\/wp-json\/wp\/v2\/types\/post"}],"author":[{"embeddable":true,"href":"http:\/\/www.vko.cz\/VKOweb\/wp-json\/wp\/v2\/users\/5"}],"replies":[{"embeddable":true,"href":"http:\/\/www.vko.cz\/VKOweb\/wp-json\/wp\/v2\/comments?post=1564"}],"version-history":[{"count":7,"href":"http:\/\/www.vko.cz\/VKOweb\/wp-json\/wp\/v2\/posts\/1564\/revisions"}],"predecessor-version":[{"id":1574,"href":"http:\/\/www.vko.cz\/VKOweb\/wp-json\/wp\/v2\/posts\/1564\/revisions\/1574"}],"wp:attachment":[{"href":"http:\/\/www.vko.cz\/VKOweb\/wp-json\/wp\/v2\/media?parent=1564"}],"wp:term":[{"taxonomy":"category","embeddable":true,"href":"http:\/\/www.vko.cz\/VKOweb\/wp-json\/wp\/v2\/categories?post=1564"},{"taxonomy":"post_tag","embeddable":true,"href":"http:\/\/www.vko.cz\/VKOweb\/wp-json\/wp\/v2\/tags?post=1564"}],"curies":[{"name":"wp","href":"https:\/\/api.w.org\/{rel}","templated":true}]}}