{"id":1551,"date":"2017-11-02T13:48:11","date_gmt":"2017-11-02T19:48:11","guid":{"rendered":"http:\/\/www.vko.cz\/VKOweb\/?p=1551"},"modified":"2017-11-02T13:55:35","modified_gmt":"2017-11-02T19:55:35","slug":"zaba-2017","status":"publish","type":"post","link":"http:\/\/www.vko.cz\/VKOweb\/zaba-2017\/","title":{"rendered":"\u017d\u00e1ba 2017"},"content":{"rendered":"<p><a rel=\"attachment wp-att-1555\" href=\"http:\/\/www.vko.cz\/VKOweb\/zaba-2017\/20170927_153656-2\/\"><img decoding=\"async\" loading=\"lazy\" class=\"alignnone size-medium wp-image-1555\" src=\"http:\/\/www.vko.cz\/VKOweb\/wp-content\/uploads\/20170927_1536561-300x180.jpg\" alt=\"\" width=\"300\" height=\"180\" srcset=\"http:\/\/www.vko.cz\/VKOweb\/wp-content\/uploads\/20170927_1536561-300x180.jpg 300w, http:\/\/www.vko.cz\/VKOweb\/wp-content\/uploads\/20170927_1536561-150x90.jpg 150w, http:\/\/www.vko.cz\/VKOweb\/wp-content\/uploads\/20170927_1536561-1024x614.jpg 1024w, http:\/\/www.vko.cz\/VKOweb\/wp-content\/uploads\/20170927_1536561.jpg 2000w\" sizes=\"(max-width: 300px) 100vw, 300px\" \/><\/a><\/p>\n<p>11.11.2017<\/p>\n<p>13:00 hod. prezentace v klubovn\u011b VK Oh\u0159e Louny<\/p>\n<p>13:33 hod. zap\u00e1len\u00ed ohn\u011b a start prvn\u00edho z\u00e1vodu<\/p>\n<p>16:00 hod. fin\u00e1lov\u00e1 j\u00edzda<\/p>\n<p>17:00 hod. poj\u00edd\u00e1n\u00ed \u0161pek\u00e1\u010dk\u016f<\/p>\n<p>17:30 hod. vyhl\u00e1\u0161en\u00ed pos\u00e1dky roku<\/p>\n<p>17:40 hod. vyhl\u00e1\u0161en\u00ed v\u00edt\u011bz\u016f odpoledn\u00edho kl\u00e1n\u00ed na vod\u011b<\/p>\n<p>18:00 hod. poj\u00edd\u00e1n\u00ed dort\u016f<\/p>\n<p>20:00 hod. od 18.let\u00a0 a v\u00edce ob\u010derstven\u00ed na &#8222;Bahn\u011b&#8220;<\/p>\n","protected":false},"excerpt":{"rendered":"<p>11.11.2017 13:00 hod. prezentace v klubovn\u011b VK Oh\u0159e Louny 13:33 hod. zap\u00e1len\u00ed ohn\u011b a start prvn\u00edho z\u00e1vodu 16:00 hod. fin\u00e1lov\u00e1 j\u00edzda 17:00 hod. poj\u00edd\u00e1n\u00ed \u0161pek\u00e1\u010dk\u016f 17:30 hod. vyhl\u00e1\u0161en\u00ed pos\u00e1dky roku 17:40 hod. vyhl\u00e1\u0161en\u00ed v\u00edt\u011bz\u016f odpoledn\u00edho<a class=\"read-more\" href=\"http:\/\/www.vko.cz\/VKOweb\/zaba-2017\/\">\u010d\u00edst d\u00e1le..<\/a><\/p>\n","protected":false},"author":5,"featured_media":0,"comment_status":"open","ping_status":"closed","sticky":false,"template":"","format":"standard","meta":{"footnotes":""},"categories":[5],"tags":[],"_links":{"self":[{"href":"http:\/\/www.vko.cz\/VKOweb\/wp-json\/wp\/v2\/posts\/1551"}],"collection":[{"href":"http:\/\/www.vko.cz\/VKOweb\/wp-json\/wp\/v2\/posts"}],"about":[{"href":"http:\/\/www.vko.cz\/VKOweb\/wp-json\/wp\/v2\/types\/post"}],"author":[{"embeddable":true,"href":"http:\/\/www.vko.cz\/VKOweb\/wp-json\/wp\/v2\/users\/5"}],"replies":[{"embeddable":true,"href":"http:\/\/www.vko.cz\/VKOweb\/wp-json\/wp\/v2\/comments?post=1551"}],"version-history":[{"count":6,"href":"http:\/\/www.vko.cz\/VKOweb\/wp-json\/wp\/v2\/posts\/1551\/revisions"}],"predecessor-version":[{"id":1559,"href":"http:\/\/www.vko.cz\/VKOweb\/wp-json\/wp\/v2\/posts\/1551\/revisions\/1559"}],"wp:attachment":[{"href":"http:\/\/www.vko.cz\/VKOweb\/wp-json\/wp\/v2\/media?parent=1551"}],"wp:term":[{"taxonomy":"category","embeddable":true,"href":"http:\/\/www.vko.cz\/VKOweb\/wp-json\/wp\/v2\/categories?post=1551"},{"taxonomy":"post_tag","embeddable":true,"href":"http:\/\/www.vko.cz\/VKOweb\/wp-json\/wp\/v2\/tags?post=1551"}],"curies":[{"name":"wp","href":"https:\/\/api.w.org\/{rel}","templated":true}]}}