{"id":1543,"date":"2017-10-02T12:06:22","date_gmt":"2017-10-02T18:06:22","guid":{"rendered":"http:\/\/www.vko.cz\/VKOweb\/?p=1543"},"modified":"2017-10-02T12:06:22","modified_gmt":"2017-10-02T18:06:22","slug":"pohary-kvm-1881","status":"publish","type":"post","link":"http:\/\/www.vko.cz\/VKOweb\/pohary-kvm-1881\/","title":{"rendered":"Poh\u00e1ry KVM 1881"},"content":{"rendered":"<p>Posledn\u00ed sobotu v z\u00e1\u0159\u00ed se v M\u011bln\u00edku konaly tradi\u010dn\u00ed vesla\u0159sk\u00e9 z\u00e1vody a op\u011bt za \u00fa\u010dasti VK Oh\u0159e Louny. Proto\u017ee star\u0161\u00ed a zku\u0161en\u011bj\u0161\u00ed\u00a0\u010dlenov\u00e9 klubu\u00a0odjeli na distan\u010dn\u00ed z\u00e1vod skif\u016f v rakousk\u00e9m Klagenfurtu, v M\u011bln\u00edku startovaly &#8222;pouze&#8220; pos\u00e1dky mlad\u0161\u00edch \u017e\u00e1k\u016f a \u017e\u00e1ky\u0148 na lod\u00edch vyp\u016fj\u010den\u00fdch od po\u0159adal\u016f z KV M\u011blnick\u00fdch 1883. V\u00fdsledky v\u0161ech pos\u00e1dek d\u00e1vaj\u00ed p\u0159edev\u0161\u00edm velk\u00e9 nad\u011bje do p\u0159\u00ed\u0161t\u00edho roku.<\/p>\n<p>Prvn\u00ed discipl\u00ednou s bohat\u00fdm zastoupen\u00edm lounsk\u00fdch byly chlapeck\u00e9 dvojskif. V prvn\u00ed j\u00edzd\u011b z\u00e1vodu dojeli \u0160imon Pelc a\u00a0Jan Vorel na t\u0159et\u00edm m\u00edst\u011b, kdy\u017e v z\u00e1v\u011bru dotahovali favorizovanou pos\u00e1dku Litom\u011b\u0159ic. Hned t\u0159i lounsk\u00e9 pos\u00e1dky jely proti sob\u011b ve druh\u00e9 j\u00edzd\u011b.\u00a0Pro prvn\u00ed v\u00edt\u011bzstv\u00ed\u00a0v sez\u00f3n\u011b dojeli\u00a0Eda Nazaruk s Tade\u00e1\u0161em Soukupem t\u011bsn\u011b n\u00e1sledov\u00e1ni Filipem Pasty\u0159\u00edkem a Mat\u011bjem Macha\u010dem, na \u010dtvrt\u00e9m m\u00edst\u011b dojel Ji\u0159\u00ed Smetana s Adamem Peroutem, pro kter\u00e9ho to byl premi\u00e9rov\u00fd z\u00e1vod. Dvojksif d\u011bv\u010dat p\u0159inesl dv\u011b t\u0159et\u00ed m\u00edsta &#8211; v prvn\u00ed j\u00edzd\u011b Maja \u0160ediv\u00e1 s Janou Sad\u00edlkovou a ve druh\u00e9 j\u00edzd\u011b Magdy a \u0160\u00e1rka Venclovy. N\u00e1sledovaly \u010dty\u0159ky hoch\u016f &#8211; Nazaruk, Soukup, Pelc a Macha\u010d dojeli t\u011bsn\u011b t\u0159et\u00ed za D\u011b\u010d\u00ednem a Pasty\u0159\u00edk, Smetana, debutuj\u00edc\u00ed Ond\u0159ej Jankovsk\u00fd a Adam (?) dojeli ve\u00a0dal\u0161\u00ed \u00a0j\u00edzd\u011b druz\u00ed za dom\u00e1c\u00edm M\u011bln\u00edkem. Na kormidle pos\u00e1dek sed\u011bli Jan a Martin Vorlovi. Honza Vorel pak byl jedin\u00fdm z\u00e1stupcem\u00a0 na skifu a dojel na p\u011bkn\u00e9m t\u0159et\u00edm m\u00edst\u011b. V z\u00e1v\u011bre\u010dn\u00e9m kl\u00e1n\u00ed p\u00e1rov\u00fdch \u010dty\u0159ek d\u011bv\u010dat startovaly \u0160ediv\u00e1, Sad\u00edlkov\u00e1 a sestry Venclovy spole\u010dn\u011b s Nazarukem na kormidle pouze proti mistryn\u00edm republiky z M\u011bln\u00edka a Boletic a byly jim d\u016fstojn\u00fdmi soupe\u0159kami.<\/p>\n<p><a href=\"http:\/\/vko1883.rajce.idnes.cz\/Melnik_2017\/\">http:\/\/vko1883.rajce.idnes.cz\/Melnik_2017\/<\/a><\/p>\n","protected":false},"excerpt":{"rendered":"<p>Posledn\u00ed sobotu v z\u00e1\u0159\u00ed se v M\u011bln\u00edku konaly tradi\u010dn\u00ed vesla\u0159sk\u00e9 z\u00e1vody a op\u011bt za \u00fa\u010dasti VK Oh\u0159e Louny. Proto\u017ee star\u0161\u00ed a zku\u0161en\u011bj\u0161\u00ed\u00a0\u010dlenov\u00e9 klubu\u00a0odjeli na distan\u010dn\u00ed z\u00e1vod skif\u016f v rakousk\u00e9m Klagenfurtu, v M\u011bln\u00edku startovaly &#8222;pouze&#8220; pos\u00e1dky<a class=\"read-more\" href=\"http:\/\/www.vko.cz\/VKOweb\/pohary-kvm-1881\/\">\u010d\u00edst d\u00e1le..<\/a><\/p>\n","protected":false},"author":5,"featured_media":0,"comment_status":"open","ping_status":"closed","sticky":false,"template":"","format":"standard","meta":{"footnotes":""},"categories":[5],"tags":[],"_links":{"self":[{"href":"http:\/\/www.vko.cz\/VKOweb\/wp-json\/wp\/v2\/posts\/1543"}],"collection":[{"href":"http:\/\/www.vko.cz\/VKOweb\/wp-json\/wp\/v2\/posts"}],"about":[{"href":"http:\/\/www.vko.cz\/VKOweb\/wp-json\/wp\/v2\/types\/post"}],"author":[{"embeddable":true,"href":"http:\/\/www.vko.cz\/VKOweb\/wp-json\/wp\/v2\/users\/5"}],"replies":[{"embeddable":true,"href":"http:\/\/www.vko.cz\/VKOweb\/wp-json\/wp\/v2\/comments?post=1543"}],"version-history":[{"count":1,"href":"http:\/\/www.vko.cz\/VKOweb\/wp-json\/wp\/v2\/posts\/1543\/revisions"}],"predecessor-version":[{"id":1544,"href":"http:\/\/www.vko.cz\/VKOweb\/wp-json\/wp\/v2\/posts\/1543\/revisions\/1544"}],"wp:attachment":[{"href":"http:\/\/www.vko.cz\/VKOweb\/wp-json\/wp\/v2\/media?parent=1543"}],"wp:term":[{"taxonomy":"category","embeddable":true,"href":"http:\/\/www.vko.cz\/VKOweb\/wp-json\/wp\/v2\/categories?post=1543"},{"taxonomy":"post_tag","embeddable":true,"href":"http:\/\/www.vko.cz\/VKOweb\/wp-json\/wp\/v2\/tags?post=1543"}],"curies":[{"name":"wp","href":"https:\/\/api.w.org\/{rel}","templated":true}]}}