{"id":1523,"date":"2017-08-01T09:29:09","date_gmt":"2017-08-01T15:29:09","guid":{"rendered":"http:\/\/www.vko.cz\/VKOweb\/?p=1523"},"modified":"2017-08-01T09:58:47","modified_gmt":"2017-08-01T15:58:47","slug":"coupe-de-la-jeunesse-2017","status":"publish","type":"post","link":"http:\/\/www.vko.cz\/VKOweb\/coupe-de-la-jeunesse-2017\/","title":{"rendered":"Coupe de la Jeunesse 2017"},"content":{"rendered":"<p><a rel=\"attachment wp-att-1525\" href=\"http:\/\/www.vko.cz\/VKOweb\/coupe-de-la-jeunesse-2017\/20170729_150701\/\"><img decoding=\"async\" loading=\"lazy\" class=\"alignnone size-medium wp-image-1525\" src=\"http:\/\/www.vko.cz\/VKOweb\/wp-content\/uploads\/20170729_150701-300x180.jpg\" alt=\"\" width=\"300\" height=\"180\" srcset=\"http:\/\/www.vko.cz\/VKOweb\/wp-content\/uploads\/20170729_150701-300x180.jpg 300w, http:\/\/www.vko.cz\/VKOweb\/wp-content\/uploads\/20170729_150701-150x90.jpg 150w, http:\/\/www.vko.cz\/VKOweb\/wp-content\/uploads\/20170729_150701-1024x614.jpg 1024w\" sizes=\"(max-width: 300px) 100vw, 300px\" \/><\/a>V belgick\u00e9m Hazewinkelu se o v\u00edkendu 29-30.6 konal\u00a0<strong>Coupe de la Jeunesse 2017<\/strong> a letos poprv\u00e9 se t\u00e9to tradi\u010dn\u00ed juniorsk\u00e9 regaty \u00fa\u010dastnila i \u010desk\u00e1 v\u00fdprava. V \u00fanoru byla \u010cesk\u00e1 republika p\u0159ijata jako t\u0159in\u00e1ct\u00e1 zem\u011b mezi \u00fa\u010dastnick\u00e9 st\u00e1ty t\u00e9to tradi\u010dn\u00ed regaty. V p\u00e1tek prob\u011bhlo slavnostn\u00ed zah\u00e1jen\u00ed spojen\u00e9 tradi\u010dn\u011b se z\u00e1vodem osmiveslic juniorek, ve kter\u00e9m na\u0161e pos\u00e1dka obsadila \u010dtvrt\u00e9 m\u00edsto. V sobotu a v ned\u011bli se jedou v\u017edy dopoledne rozj\u00ed\u017e\u010fky a odpoledne fin\u00e1le a ka\u017ed\u00fd z\u00e1vod je bodov\u00e1n. \u010cesk\u00e1 republika v kone\u010dn\u00e9m po\u0159ad\u00ed skon\u010dila na \u010dtvrt\u00e9m m\u00edst\u011b. Velk\u00fdm d\u00edlem se na \u00fasp\u011bchu \u00a0reprezentace \u010cR pod\u00edleli vesla\u0159i VKO Louny Petr Bl\u00e1ha a Honza Le\u0161ko. Oba veslovali na \u010dty\u0159ce bez kormideln\u00edka, kter\u00e1 skon\u010dila na t\u0159et\u00edm m\u00edst\u011b.<\/p>\n<p><a href=\"http:\/\/vko1883.rajce.idnes.cz\/Coupe_de_la_Jeunesse_2017\/\">http:\/\/vko1883.rajce.idnes.cz\/Coupe_de_la_Jeunesse_2017\/<\/a><\/p>\n","protected":false},"excerpt":{"rendered":"<p>V belgick\u00e9m Hazewinkelu se o v\u00edkendu 29-30.6 konal\u00a0Coupe de la Jeunesse 2017 a letos poprv\u00e9 se t\u00e9to tradi\u010dn\u00ed juniorsk\u00e9 regaty \u00fa\u010dastnila i \u010desk\u00e1 v\u00fdprava. V \u00fanoru byla \u010cesk\u00e1 republika p\u0159ijata jako t\u0159in\u00e1ct\u00e1 zem\u011b mezi \u00fa\u010dastnick\u00e9<a class=\"read-more\" href=\"http:\/\/www.vko.cz\/VKOweb\/coupe-de-la-jeunesse-2017\/\">\u010d\u00edst d\u00e1le..<\/a><\/p>\n","protected":false},"author":5,"featured_media":0,"comment_status":"open","ping_status":"closed","sticky":false,"template":"","format":"standard","meta":{"footnotes":""},"categories":[5],"tags":[],"_links":{"self":[{"href":"http:\/\/www.vko.cz\/VKOweb\/wp-json\/wp\/v2\/posts\/1523"}],"collection":[{"href":"http:\/\/www.vko.cz\/VKOweb\/wp-json\/wp\/v2\/posts"}],"about":[{"href":"http:\/\/www.vko.cz\/VKOweb\/wp-json\/wp\/v2\/types\/post"}],"author":[{"embeddable":true,"href":"http:\/\/www.vko.cz\/VKOweb\/wp-json\/wp\/v2\/users\/5"}],"replies":[{"embeddable":true,"href":"http:\/\/www.vko.cz\/VKOweb\/wp-json\/wp\/v2\/comments?post=1523"}],"version-history":[{"count":3,"href":"http:\/\/www.vko.cz\/VKOweb\/wp-json\/wp\/v2\/posts\/1523\/revisions"}],"predecessor-version":[{"id":1527,"href":"http:\/\/www.vko.cz\/VKOweb\/wp-json\/wp\/v2\/posts\/1523\/revisions\/1527"}],"wp:attachment":[{"href":"http:\/\/www.vko.cz\/VKOweb\/wp-json\/wp\/v2\/media?parent=1523"}],"wp:term":[{"taxonomy":"category","embeddable":true,"href":"http:\/\/www.vko.cz\/VKOweb\/wp-json\/wp\/v2\/categories?post=1523"},{"taxonomy":"post_tag","embeddable":true,"href":"http:\/\/www.vko.cz\/VKOweb\/wp-json\/wp\/v2\/tags?post=1523"}],"curies":[{"name":"wp","href":"https:\/\/api.w.org\/{rel}","templated":true}]}}