{"id":1506,"date":"2017-05-15T11:20:08","date_gmt":"2017-05-15T17:20:08","guid":{"rendered":"http:\/\/www.vko.cz\/VKOweb\/?p=1506"},"modified":"2017-05-15T11:20:08","modified_gmt":"2017-05-15T17:20:08","slug":"lysa-nad-labem-5","status":"publish","type":"post","link":"http:\/\/www.vko.cz\/VKOweb\/lysa-nad-labem-5\/","title":{"rendered":"Lys\u00e1 nad Labem"},"content":{"rendered":"<p>O v\u00edkendu 13. a 14. kv\u011btna jsme op\u011bt z\u00e1vodili, tentokr\u00e1t v Lys\u00e9 nad Labem.\u00a0 Na p\u00e1rov\u00e9 \u010dty\u0159ce s kormideln\u00edkem mlad\u0161\u00edch \u017e\u00e1k\u016f si na\u0161i (Honza Vorel, Petr Volek, Filip Pasty\u0159\u00edk, korm. Iv\u010da Ka\u0161kov\u00e1) ve spole\u010denstv\u00ed s Neratovicemi dojeli pro sv\u00e9 prvn\u00ed medaile. Vzadu jsme nez\u016fstali ani mezi dvojskify mlad\u0161\u00edch \u017e\u00e1k\u016f, kde ve sv\u00fdch j\u00edzd\u00e1ch obsadily druh\u00e1 m\u00edsta pos\u00e1dky: \u0160imon Pelc s Mat\u011bjem Mach\u00e1\u010dem a T\u00e1\u010fa Soukup s Edou Nazarukem. D\u00e1le B\u00e1ra Jandov\u00e1 zv\u00edt\u011bzila na skifu juniorek, sobotn\u00ed i ned\u011bln\u00ed z\u00e1vod skifu mu\u017e\u016f ovl\u00e1dl Martina Lacina, kter\u00fd tak\u00e9 s Honzou Lacinou ve spole\u010denstv\u00ed s Pardubicemi z\u00edskal v\u00edt\u011bzstv\u00ed v z\u00e1vodu mu\u017esk\u00e9 p\u00e1rov\u00e9 \u010dty\u0159ky a nakonec v\u00fdhra Martina Vorla v kategorii masters E.<\/p>\n<p>Pod\u011bkov\u00e1n\u00ed pat\u0159\u00ed v\u0161em z\u00e1vodn\u00edk\u016fm a doprovodu bez kter\u00e9ho by to ne\u0161lo.<\/p>\n<p><a href=\"http:\/\/vko1883.rajce.idnes.cz\/Bohemka_a_Lysa_2017\/\">http:\/\/vko1883.rajce.idnes.cz\/Bohemka_a_Lysa_2017\/<\/a><\/p>\n","protected":false},"excerpt":{"rendered":"<p>O v\u00edkendu 13. a 14. kv\u011btna jsme op\u011bt z\u00e1vodili, tentokr\u00e1t v Lys\u00e9 nad Labem.\u00a0 Na p\u00e1rov\u00e9 \u010dty\u0159ce s kormideln\u00edkem mlad\u0161\u00edch \u017e\u00e1k\u016f si na\u0161i (Honza Vorel, Petr Volek, Filip Pasty\u0159\u00edk, korm. Iv\u010da Ka\u0161kov\u00e1) ve spole\u010denstv\u00ed s<a class=\"read-more\" href=\"http:\/\/www.vko.cz\/VKOweb\/lysa-nad-labem-5\/\">\u010d\u00edst d\u00e1le..<\/a><\/p>\n","protected":false},"author":5,"featured_media":0,"comment_status":"open","ping_status":"closed","sticky":false,"template":"","format":"standard","meta":{"footnotes":""},"categories":[5],"tags":[],"_links":{"self":[{"href":"http:\/\/www.vko.cz\/VKOweb\/wp-json\/wp\/v2\/posts\/1506"}],"collection":[{"href":"http:\/\/www.vko.cz\/VKOweb\/wp-json\/wp\/v2\/posts"}],"about":[{"href":"http:\/\/www.vko.cz\/VKOweb\/wp-json\/wp\/v2\/types\/post"}],"author":[{"embeddable":true,"href":"http:\/\/www.vko.cz\/VKOweb\/wp-json\/wp\/v2\/users\/5"}],"replies":[{"embeddable":true,"href":"http:\/\/www.vko.cz\/VKOweb\/wp-json\/wp\/v2\/comments?post=1506"}],"version-history":[{"count":1,"href":"http:\/\/www.vko.cz\/VKOweb\/wp-json\/wp\/v2\/posts\/1506\/revisions"}],"predecessor-version":[{"id":1507,"href":"http:\/\/www.vko.cz\/VKOweb\/wp-json\/wp\/v2\/posts\/1506\/revisions\/1507"}],"wp:attachment":[{"href":"http:\/\/www.vko.cz\/VKOweb\/wp-json\/wp\/v2\/media?parent=1506"}],"wp:term":[{"taxonomy":"category","embeddable":true,"href":"http:\/\/www.vko.cz\/VKOweb\/wp-json\/wp\/v2\/categories?post=1506"},{"taxonomy":"post_tag","embeddable":true,"href":"http:\/\/www.vko.cz\/VKOweb\/wp-json\/wp\/v2\/tags?post=1506"}],"curies":[{"name":"wp","href":"https:\/\/api.w.org\/{rel}","templated":true}]}}