{"id":1503,"date":"2017-05-02T12:10:35","date_gmt":"2017-05-02T18:10:35","guid":{"rendered":"http:\/\/www.vko.cz\/VKOweb\/?p=1503"},"modified":"2017-05-02T12:10:35","modified_gmt":"2017-05-02T18:10:35","slug":"prvni-zavody-pro-mlade-v-praze","status":"publish","type":"post","link":"http:\/\/www.vko.cz\/VKOweb\/prvni-zavody-pro-mlade-v-praze\/","title":{"rendered":"Prvn\u00ed z\u00e1vody pro mlad\u00e9 v Praze"},"content":{"rendered":"<p>V ned\u011bli 31. 4. vyrazili na\u0161i nejmlad\u0161\u00ed z\u00e1vodn\u00edci na sv\u00e9 prvn\u00ed leto\u0161n\u00ed z\u00e1vody do Prahy. Mezi mlad\u0161\u00edmi \u017e\u00e1ky absolvoval sv\u016fj \u00fapln\u011b prvn\u00ed z\u00e1vod Jirka Smetana na dvojskifu s Honzou Vorlem.  Na p\u00e1rov\u00e9 \u010dty\u0159ce s kormideln\u00edkem dojeli kluci ve slo\u017een\u00ed Eda Nazaruk, T\u00e1\u010fa Soukup, \u0160imon Pelc, Petr Volek na 3. m\u00edst\u011b  t\u011bsn\u011b za pos\u00e1dkou Olomouce. Mezi dorostenkami startovala Dan\u010da \u0160t\u011bp\u00e1nov\u00e1, kter\u00e1 si na vlastn\u00ed k\u016f\u017ei vyzkou\u0161ela teplotu jarn\u00ed Vltavy a z\u00e1vod dokon\u010dila na motorov\u00e9m \u010dlunu \ud83d\ude42<\/p>\n","protected":false},"excerpt":{"rendered":"<p>V ned\u011bli 31. 4. vyrazili na\u0161i nejmlad\u0161\u00ed z\u00e1vodn\u00edci na sv\u00e9 prvn\u00ed leto\u0161n\u00ed z\u00e1vody do Prahy. Mezi mlad\u0161\u00edmi \u017e\u00e1ky absolvoval sv\u016fj \u00fapln\u011b prvn\u00ed z\u00e1vod Jirka Smetana na dvojskifu s Honzou Vorlem. Na p\u00e1rov\u00e9 \u010dty\u0159ce s kormideln\u00edkem<a class=\"read-more\" href=\"http:\/\/www.vko.cz\/VKOweb\/prvni-zavody-pro-mlade-v-praze\/\">\u010d\u00edst d\u00e1le..<\/a><\/p>\n","protected":false},"author":5,"featured_media":0,"comment_status":"open","ping_status":"closed","sticky":false,"template":"","format":"standard","meta":{"footnotes":""},"categories":[5],"tags":[],"_links":{"self":[{"href":"http:\/\/www.vko.cz\/VKOweb\/wp-json\/wp\/v2\/posts\/1503"}],"collection":[{"href":"http:\/\/www.vko.cz\/VKOweb\/wp-json\/wp\/v2\/posts"}],"about":[{"href":"http:\/\/www.vko.cz\/VKOweb\/wp-json\/wp\/v2\/types\/post"}],"author":[{"embeddable":true,"href":"http:\/\/www.vko.cz\/VKOweb\/wp-json\/wp\/v2\/users\/5"}],"replies":[{"embeddable":true,"href":"http:\/\/www.vko.cz\/VKOweb\/wp-json\/wp\/v2\/comments?post=1503"}],"version-history":[{"count":2,"href":"http:\/\/www.vko.cz\/VKOweb\/wp-json\/wp\/v2\/posts\/1503\/revisions"}],"predecessor-version":[{"id":1505,"href":"http:\/\/www.vko.cz\/VKOweb\/wp-json\/wp\/v2\/posts\/1503\/revisions\/1505"}],"wp:attachment":[{"href":"http:\/\/www.vko.cz\/VKOweb\/wp-json\/wp\/v2\/media?parent=1503"}],"wp:term":[{"taxonomy":"category","embeddable":true,"href":"http:\/\/www.vko.cz\/VKOweb\/wp-json\/wp\/v2\/categories?post=1503"},{"taxonomy":"post_tag","embeddable":true,"href":"http:\/\/www.vko.cz\/VKOweb\/wp-json\/wp\/v2\/tags?post=1503"}],"curies":[{"name":"wp","href":"https:\/\/api.w.org\/{rel}","templated":true}]}}