{"id":1484,"date":"2017-04-04T12:15:50","date_gmt":"2017-04-04T18:15:50","guid":{"rendered":"http:\/\/www.vko.cz\/VKOweb\/?p=1484"},"modified":"2017-04-04T12:23:24","modified_gmt":"2017-04-04T18:23:24","slug":"beh-na-cervenak-2017","status":"publish","type":"post","link":"http:\/\/www.vko.cz\/VKOweb\/beh-na-cervenak-2017\/","title":{"rendered":"B\u011bh na \u010cerve\u0148\u00e1k 2017"},"content":{"rendered":"<p>Kr\u00e1sn\u00e9 letn\u00ed po\u010das\u00ed p\u0159iv\u00edtalo \u00fa\u010dastn\u00edky b\u011bhu na \u010cerven\u00fd vrh. Vesla\u0159i Petr Volek, \u0160imon Pelc, Mat\u011bj Mach\u00e1\u010d, Honza Lacina a Daniela \u0160t\u011bp\u00e1nov\u00e1 obsadili ve sv\u00fdch kategori\u00edch t\u0159et\u00ed m\u00edsto. \u010ctvrt\u00e9 m\u00edsto obsadil Martin Lacina a p\u00e1t\u00e9 Jirka Smetana.<\/p>\n<p><a href=\"http:\/\/vko1883.rajce.idnes.cz\/Jarni_vybeh_na_Cervenak_2017\/\">http:\/\/vko1883.rajce.idnes.cz\/Jarni_vybeh_na_Cervenak_2017\/<\/a><\/p>\n","protected":false},"excerpt":{"rendered":"<p>Kr\u00e1sn\u00e9 letn\u00ed po\u010das\u00ed p\u0159iv\u00edtalo \u00fa\u010dastn\u00edky b\u011bhu na \u010cerven\u00fd vrh. Vesla\u0159i Petr Volek, \u0160imon Pelc, Mat\u011bj Mach\u00e1\u010d, Honza Lacina a Daniela \u0160t\u011bp\u00e1nov\u00e1 obsadili ve sv\u00fdch kategori\u00edch t\u0159et\u00ed m\u00edsto. \u010ctvrt\u00e9 m\u00edsto obsadil Martin Lacina a p\u00e1t\u00e9 Jirka<a class=\"read-more\" href=\"http:\/\/www.vko.cz\/VKOweb\/beh-na-cervenak-2017\/\">\u010d\u00edst d\u00e1le..<\/a><\/p>\n","protected":false},"author":5,"featured_media":0,"comment_status":"open","ping_status":"closed","sticky":false,"template":"","format":"standard","meta":{"footnotes":""},"categories":[5],"tags":[],"_links":{"self":[{"href":"http:\/\/www.vko.cz\/VKOweb\/wp-json\/wp\/v2\/posts\/1484"}],"collection":[{"href":"http:\/\/www.vko.cz\/VKOweb\/wp-json\/wp\/v2\/posts"}],"about":[{"href":"http:\/\/www.vko.cz\/VKOweb\/wp-json\/wp\/v2\/types\/post"}],"author":[{"embeddable":true,"href":"http:\/\/www.vko.cz\/VKOweb\/wp-json\/wp\/v2\/users\/5"}],"replies":[{"embeddable":true,"href":"http:\/\/www.vko.cz\/VKOweb\/wp-json\/wp\/v2\/comments?post=1484"}],"version-history":[{"count":5,"href":"http:\/\/www.vko.cz\/VKOweb\/wp-json\/wp\/v2\/posts\/1484\/revisions"}],"predecessor-version":[{"id":1489,"href":"http:\/\/www.vko.cz\/VKOweb\/wp-json\/wp\/v2\/posts\/1484\/revisions\/1489"}],"wp:attachment":[{"href":"http:\/\/www.vko.cz\/VKOweb\/wp-json\/wp\/v2\/media?parent=1484"}],"wp:term":[{"taxonomy":"category","embeddable":true,"href":"http:\/\/www.vko.cz\/VKOweb\/wp-json\/wp\/v2\/categories?post=1484"},{"taxonomy":"post_tag","embeddable":true,"href":"http:\/\/www.vko.cz\/VKOweb\/wp-json\/wp\/v2\/tags?post=1484"}],"curies":[{"name":"wp","href":"https:\/\/api.w.org\/{rel}","templated":true}]}}