{"id":1469,"date":"2016-12-19T12:20:06","date_gmt":"2016-12-19T18:20:06","guid":{"rendered":"http:\/\/www.vko.cz\/VKOweb\/?p=1469"},"modified":"2016-12-19T12:20:06","modified_gmt":"2016-12-19T18:20:06","slug":"zimni-sezona-v-plnem-proudu","status":"publish","type":"post","link":"http:\/\/www.vko.cz\/VKOweb\/zimni-sezona-v-plnem-proudu\/","title":{"rendered":"Zimn\u00ed sez\u00f3na v pln\u00e9m proudu"},"content":{"rendered":"<p>10.12. zah\u00e1jili junio\u0159i a juniorky \u010cesk\u00fd poh\u00e1r na trena\u017e\u00e9rech. Sv\u00e9 osobn\u00ed maximum se poda\u0159ilo vylep\u0161it B\u00e1\u0159e J.,Honzovi L. a Petrovi B.<\/p>\n<p>17.12. pokra\u010doval \u00a0\u017e\u00e1kovsk\u00fd zimn\u00ed poh\u00e1r v Pardubic\u00edch. Z po\u010detn\u00e9 lounsk\u00e9 skupiny se nejl\u00e9pe um\u00edstila Jana Sad\u00edlkov\u00e1, kter\u00e1 obsadila \u010dtvrt\u00e9 m\u00edsto.<\/p>\n<p>Podrobn\u00e9 v\u00fdsledky: <a href=\"http:\/\/www.veslo.cz\/pardubicke-vanocni-trenazery5\"> http:\/\/www.veslo.cz\/pardubicke-vanocni-trenazery5<\/a><\/p>\n<p>Foto:<a href=\"http:\/\/vko1883.rajce.idnes.cz\/Pardubicke_vanocni_trenazery_2016\/\">http:\/\/vko1883.rajce.idnes.cz\/Pardubicke_vanocni_trenazery_2016\/<\/a><\/p>\n","protected":false},"excerpt":{"rendered":"<p>10.12. zah\u00e1jili junio\u0159i a juniorky \u010cesk\u00fd poh\u00e1r na trena\u017e\u00e9rech. Sv\u00e9 osobn\u00ed maximum se poda\u0159ilo vylep\u0161it B\u00e1\u0159e J.,Honzovi L. a Petrovi B. 17.12. pokra\u010doval \u00a0\u017e\u00e1kovsk\u00fd zimn\u00ed poh\u00e1r v Pardubic\u00edch. Z po\u010detn\u00e9 lounsk\u00e9 skupiny se nejl\u00e9pe um\u00edstila<a class=\"read-more\" href=\"http:\/\/www.vko.cz\/VKOweb\/zimni-sezona-v-plnem-proudu\/\">\u010d\u00edst d\u00e1le..<\/a><\/p>\n","protected":false},"author":5,"featured_media":0,"comment_status":"open","ping_status":"closed","sticky":false,"template":"","format":"standard","meta":{"footnotes":""},"categories":[5],"tags":[],"_links":{"self":[{"href":"http:\/\/www.vko.cz\/VKOweb\/wp-json\/wp\/v2\/posts\/1469"}],"collection":[{"href":"http:\/\/www.vko.cz\/VKOweb\/wp-json\/wp\/v2\/posts"}],"about":[{"href":"http:\/\/www.vko.cz\/VKOweb\/wp-json\/wp\/v2\/types\/post"}],"author":[{"embeddable":true,"href":"http:\/\/www.vko.cz\/VKOweb\/wp-json\/wp\/v2\/users\/5"}],"replies":[{"embeddable":true,"href":"http:\/\/www.vko.cz\/VKOweb\/wp-json\/wp\/v2\/comments?post=1469"}],"version-history":[{"count":1,"href":"http:\/\/www.vko.cz\/VKOweb\/wp-json\/wp\/v2\/posts\/1469\/revisions"}],"predecessor-version":[{"id":1470,"href":"http:\/\/www.vko.cz\/VKOweb\/wp-json\/wp\/v2\/posts\/1469\/revisions\/1470"}],"wp:attachment":[{"href":"http:\/\/www.vko.cz\/VKOweb\/wp-json\/wp\/v2\/media?parent=1469"}],"wp:term":[{"taxonomy":"category","embeddable":true,"href":"http:\/\/www.vko.cz\/VKOweb\/wp-json\/wp\/v2\/categories?post=1469"},{"taxonomy":"post_tag","embeddable":true,"href":"http:\/\/www.vko.cz\/VKOweb\/wp-json\/wp\/v2\/tags?post=1469"}],"curies":[{"name":"wp","href":"https:\/\/api.w.org\/{rel}","templated":true}]}}