{"id":1461,"date":"2016-11-21T10:47:14","date_gmt":"2016-11-21T16:47:14","guid":{"rendered":"http:\/\/www.vko.cz\/VKOweb\/?p=1461"},"modified":"2016-11-21T10:47:14","modified_gmt":"2016-11-21T16:47:14","slug":"xxii-verejny-halovy-triatlon-v-lounech","status":"publish","type":"post","link":"http:\/\/www.vko.cz\/VKOweb\/xxii-verejny-halovy-triatlon-v-lounech\/","title":{"rendered":"XXII. Ve\u0159ejn\u00fd halov\u00fd triatlon v Lounech."},"content":{"rendered":"<p>M\u011bstsk\u00e1 sportovn\u00ed hala v Lounech se v sobotu 19. 11. stala d\u011bji\u0161t\u011bm velk\u00e9ho sportovn\u00edho sv\u00e1tku. Loun\u0161t\u00ed vesla\u0159i p\u0159ipravili ji\u017e XXII. Ro\u010dn\u00edk ve\u0159ejn\u00e9ho halov\u00e9ho triatlonu, z\u0159ejm\u011b nejmasov\u011bj\u0161\u00ed lounsk\u00e9 sportovn\u00ed akce.<\/p>\n<p>My\u0161lenka z\u00e1vodu se zrodila v roce 1995 a vyjad\u0159ovala odv\u011bk\u00fd sen lounsk\u00e9ho vesla\u0159sk\u00e9ho klubu o po\u0159\u00e1d\u00e1n\u00ed vlastn\u00edch z\u00e1vod\u016f. \u0158eka Oh\u0159e je v Lounech sice n\u00e1dhern\u00e1, ov\u0161em pro veslov\u00e1n\u00ed dosti nevhodn\u00e1. Je paradoxem a mal\u00fdm z\u00e1zrakem, \u017ee zde ji\u017e v roce 1883 vznikl \u010dtvrt\u00fd nejstar\u0161\u00ed \u010desk\u00fd vesla\u0159sk\u00fd klub, Vesla\u0159sk\u00fd klub Oh\u0159e Louny, a \u017ee se zde tedy ji\u017e 133 let proh\u00e1n\u011bj\u00ed z\u00e1vodn\u00edci na tr\u00e9ninc\u00edch a p\u0159\u00edprav\u011b na z\u00e1vody v cel\u00e9 \u010cesk\u00e9 republice i zahrani\u010d\u00ed.<\/p>\n<p>A v\u016fbec ne \u0161patn\u011b. Lounsk\u00e1 s\u00ed\u0148 sl\u00e1vy, v na\u0161em p\u0159\u00edpad\u011b je um\u00edst\u011bna p\u0159ed klubovnou klubu, a proto je naz\u00fdv\u00e1na \u201ep\u0159eds\u00ed\u0148 sl\u00e1vy\u201c je zapln\u011bna \u00factyhodnou p\u0159ehl\u00eddkou diplom\u016f z evropsk\u00fdch i sv\u011btov\u00fdch \u0161ampion\u00e1t\u016f.<\/p>\n<p>Co tedy d\u011blat? Veslovat se tu d\u00e1 jen velmi t\u011b\u017eko a po\u0159\u00e1dat z\u00e1vody na vod\u011b u\u017e v\u016fbec ne.<\/p>\n<p>Dlouh\u00e1 l\u00e9ta si klub plnil svoji touhu po vlastn\u00edm sportovn\u00edm podniku po\u0159\u00e1d\u00e1n\u00edm Jarn\u00edch b\u011bh\u016f vesla\u0159\u016f, ale to je\u0161t\u011b nebylo to prav\u00e9.<\/p>\n<p>P\u0159ed dvaadvaceti lety vstoupila do hry razantn\u011b technologick\u00e1 revoluce. P\u016fvodn\u00ed, dosti primitivn\u00ed vesla\u0159sk\u00e9, cyklistick\u00e9 a b\u011b\u017eeck\u00e9 trena\u017eery dostaly po\u010d\u00edta\u010de a nov\u00e9 technologie, a najednou se na nich mohlo z\u00e1vodit.<\/p>\n<p>Za\u010d\u00ednalo se tehdy skromn\u011b a opatrn\u011b. V s\u00e1le Barokn\u00edho \u0161pit\u00e1lu s vesla\u0159sk\u00fdm, cyklistick\u00fdm a b\u011b\u017eeck\u00fdm trena\u017eerem, po\u010det z\u00e1vodn\u00edk\u016f kolem dvaceti.<\/p>\n<p>A jak to vypadalo tuto sobotu?<\/p>\n<p>Sportovn\u00ed hala v Lounech, pln\u00e1 z\u00e1vodn\u00edk\u016f a fanou\u0161k\u016f, 16 vesla\u0159sk\u00fdch a 16cyklistick\u00fdch trena\u017eer\u016f, \u017eiv\u00e1 b\u011b\u017eeck\u00e1 dr\u00e1ha pln\u00e1 nap\u00ednav\u00fdch souboj\u016f atraktivn\u00ed vizualizace z\u00e1vodu na velkoplo\u0161nou obrazovku. Z\u00e1vod\u00ed se od r\u00e1na do ve\u010dera.<\/p>\n<p>Ale hlavn\u011b! 498 z\u00e1vodn\u00edk\u016f, p\u0159ev\u00e1\u017en\u011b ml\u00e1de\u017enick\u00fdch kategori\u00ed, z \u010cech, Moravy i N\u011bmecka. A z\u00e1jem rok od roku vzr\u016fst\u00e1.<\/p>\n<p>S rostouc\u00edm v\u00fdznamem z\u00e1vodu postupn\u011b p\u0159i\u0161li i sponzo\u0159i a pomohli rozvoji tohoto jedine\u010dn\u00e9ho podniku. \u00dasteck\u00fd kraj, M\u011bsto Louny, \u010cEZ a.s, a LN Servis. T\u011bm v\u0161em pat\u0159\u00ed velk\u00fd d\u00edk za vznik a rozvoj tohoto v\u00fdjime\u010dn\u00e9mu fenom\u00e9nu.<\/p>\n<p>V sobotu 19. Listopadu v 9:00 se tedy vydali z\u00e1vodn\u00edci podvaadvac\u00e1t\u00e9 na n\u00e1ro\u010dnou tra\u0165. 2 kilometry na kole, 840 metr\u016f b\u011bhu a z\u00e1v\u011bre\u010dn\u00fd kilometr za veslem prov\u011b\u0159il s\u00edlu a schopnosti ka\u017ed\u00e9ho a\u017e na dno.<\/p>\n<p>Na start se tentokr\u00e1t postavilo celkem 498 z\u00e1vodn\u00edk\u016f. Od mlad\u0161\u00edch \u017e\u00e1k\u016f a el\u00e9v\u016f a\u017e po kategorii Masters, tedy d\u0159\u00edve narozen\u00fdch sportovc\u016f. Po\u0159adatele ka\u017edoro\u010dn\u011b t\u011b\u0161\u00ed zejm\u00e9na n\u00e1r\u016fst po\u010dtu \u00fa\u010dastn\u00edk\u016f v ml\u00e1de\u017enick\u00fdch kategori\u00edch.<\/p>\n<p>I kdy\u017e se ambice lounsk\u00e9ho klubu soust\u0159e\u010fuje hlavn\u011b na bezchybn\u00e9 uspo\u0159\u00e1d\u00e1n\u00ed z\u00e1vodu, dok\u00e1zali se loun\u0161t\u00ed prosadit i sportovn\u011b. Za zm\u00ednku stoj\u00ed v\u00edt\u011bzstv\u00ed Hany Lavi\u010dkov\u00e9 a osm\u00e9 m\u00edsto Ivany Ka\u0161kov\u00e9<\/p>\n<p>v juniork\u00e1ch, zlato a bronz Jana Le\u0161ka a Petra Bl\u00e1hy v juniorech, i bronz Martina Laciny v kategorii mu\u017e\u016f.<\/p>\n<p>\u00dasp\u011b\u0161n\u00fd XXII. ro\u010dn\u00edk Ve\u0159ejn\u00e9ho halov\u00e9ho triatlonu je tedy za n\u00e1mi, a za\u010d\u00edn\u00e1me p\u0159ipravovat ro\u010dn\u00edk p\u0159\u00ed\u0161t\u00ed.<\/p>\n<p>Jarom\u00edr Vorel<\/p>\n<p>P\u0159edseda VKO Louny<\/p>\n<p><a href=\"http:\/\/vko1883.rajce.idnes.cz\/Triatlon_2016\/\">http:\/\/vko1883.rajce.idnes.cz\/Triatlon_2016\/<\/a><\/p>\n","protected":false},"excerpt":{"rendered":"<p>M\u011bstsk\u00e1 sportovn\u00ed hala v Lounech se v sobotu 19. 11. stala d\u011bji\u0161t\u011bm velk\u00e9ho sportovn\u00edho sv\u00e1tku. Loun\u0161t\u00ed vesla\u0159i p\u0159ipravili ji\u017e XXII. Ro\u010dn\u00edk ve\u0159ejn\u00e9ho halov\u00e9ho triatlonu, z\u0159ejm\u011b nejmasov\u011bj\u0161\u00ed lounsk\u00e9 sportovn\u00ed akce. My\u0161lenka z\u00e1vodu se zrodila v roce<a class=\"read-more\" href=\"http:\/\/www.vko.cz\/VKOweb\/xxii-verejny-halovy-triatlon-v-lounech\/\">\u010d\u00edst d\u00e1le..<\/a><\/p>\n","protected":false},"author":5,"featured_media":0,"comment_status":"open","ping_status":"closed","sticky":false,"template":"","format":"standard","meta":{"footnotes":""},"categories":[5],"tags":[],"_links":{"self":[{"href":"http:\/\/www.vko.cz\/VKOweb\/wp-json\/wp\/v2\/posts\/1461"}],"collection":[{"href":"http:\/\/www.vko.cz\/VKOweb\/wp-json\/wp\/v2\/posts"}],"about":[{"href":"http:\/\/www.vko.cz\/VKOweb\/wp-json\/wp\/v2\/types\/post"}],"author":[{"embeddable":true,"href":"http:\/\/www.vko.cz\/VKOweb\/wp-json\/wp\/v2\/users\/5"}],"replies":[{"embeddable":true,"href":"http:\/\/www.vko.cz\/VKOweb\/wp-json\/wp\/v2\/comments?post=1461"}],"version-history":[{"count":2,"href":"http:\/\/www.vko.cz\/VKOweb\/wp-json\/wp\/v2\/posts\/1461\/revisions"}],"predecessor-version":[{"id":1463,"href":"http:\/\/www.vko.cz\/VKOweb\/wp-json\/wp\/v2\/posts\/1461\/revisions\/1463"}],"wp:attachment":[{"href":"http:\/\/www.vko.cz\/VKOweb\/wp-json\/wp\/v2\/media?parent=1461"}],"wp:term":[{"taxonomy":"category","embeddable":true,"href":"http:\/\/www.vko.cz\/VKOweb\/wp-json\/wp\/v2\/categories?post=1461"},{"taxonomy":"post_tag","embeddable":true,"href":"http:\/\/www.vko.cz\/VKOweb\/wp-json\/wp\/v2\/tags?post=1461"}],"curies":[{"name":"wp","href":"https:\/\/api.w.org\/{rel}","templated":true}]}}