{"id":1449,"date":"2016-10-11T11:38:09","date_gmt":"2016-10-11T17:38:09","guid":{"rendered":"http:\/\/www.vko.cz\/VKOweb\/?p=1449"},"modified":"2016-10-11T11:38:09","modified_gmt":"2016-10-11T17:38:09","slug":"hradistsky-sestikilak-2016","status":"publish","type":"post","link":"http:\/\/www.vko.cz\/VKOweb\/hradistsky-sestikilak-2016\/","title":{"rendered":"Hradi\u0161\u0165sk\u00fd \u0161estikil\u00e1k 2016"},"content":{"rendered":"<p>8.10. se na \u0159ece Morav\u011b z\u00e1vodilo distan\u010dn\u011b na vzd\u00e1lenost 6.km. V Uhersk\u00e9m Hradi\u0161ti nejl\u00e9pe skon\u010dili na t\u0159et\u00edm m\u00edst\u011b Petr Bl\u00e1ha a Honza Le\u0161ko na dvojce bez kormideln\u00edka. Juniorky Ivana Ka\u0161kov\u00e1 s B\u00e1rou Tr\u00e1vn\u00ed\u010dkovou doveslovaly na \u0161est\u00e9m m\u00edst\u011b. Prvn\u00ed v\u00fdsledek v juniork\u00e1ch vybojovala na skifu B\u00e1ra Jandov\u00e1, kter\u00e1 skon\u010dila na 18. m\u00edst\u011b. Prvn\u00ed z\u00e1vod mezi mu\u017ei absolvoval Martin Lacina a ten skon\u010dil na 13.m\u00edst\u011b.<\/p>\n<p><a href=\"http:\/\/vko1883.rajce.idnes.cz\/Uherske_Hradiste_2016\/\">http:\/\/vko1883.rajce.idnes.cz\/Uherske_Hradiste_2016\/<\/a><\/p>\n","protected":false},"excerpt":{"rendered":"<p>8.10. se na \u0159ece Morav\u011b z\u00e1vodilo distan\u010dn\u011b na vzd\u00e1lenost 6.km. V Uhersk\u00e9m Hradi\u0161ti nejl\u00e9pe skon\u010dili na t\u0159et\u00edm m\u00edst\u011b Petr Bl\u00e1ha a Honza Le\u0161ko na dvojce bez kormideln\u00edka. Juniorky Ivana Ka\u0161kov\u00e1 s B\u00e1rou Tr\u00e1vn\u00ed\u010dkovou doveslovaly na<a class=\"read-more\" href=\"http:\/\/www.vko.cz\/VKOweb\/hradistsky-sestikilak-2016\/\">\u010d\u00edst d\u00e1le..<\/a><\/p>\n","protected":false},"author":5,"featured_media":0,"comment_status":"open","ping_status":"closed","sticky":false,"template":"","format":"standard","meta":{"footnotes":""},"categories":[5],"tags":[],"_links":{"self":[{"href":"http:\/\/www.vko.cz\/VKOweb\/wp-json\/wp\/v2\/posts\/1449"}],"collection":[{"href":"http:\/\/www.vko.cz\/VKOweb\/wp-json\/wp\/v2\/posts"}],"about":[{"href":"http:\/\/www.vko.cz\/VKOweb\/wp-json\/wp\/v2\/types\/post"}],"author":[{"embeddable":true,"href":"http:\/\/www.vko.cz\/VKOweb\/wp-json\/wp\/v2\/users\/5"}],"replies":[{"embeddable":true,"href":"http:\/\/www.vko.cz\/VKOweb\/wp-json\/wp\/v2\/comments?post=1449"}],"version-history":[{"count":1,"href":"http:\/\/www.vko.cz\/VKOweb\/wp-json\/wp\/v2\/posts\/1449\/revisions"}],"predecessor-version":[{"id":1450,"href":"http:\/\/www.vko.cz\/VKOweb\/wp-json\/wp\/v2\/posts\/1449\/revisions\/1450"}],"wp:attachment":[{"href":"http:\/\/www.vko.cz\/VKOweb\/wp-json\/wp\/v2\/media?parent=1449"}],"wp:term":[{"taxonomy":"category","embeddable":true,"href":"http:\/\/www.vko.cz\/VKOweb\/wp-json\/wp\/v2\/categories?post=1449"},{"taxonomy":"post_tag","embeddable":true,"href":"http:\/\/www.vko.cz\/VKOweb\/wp-json\/wp\/v2\/tags?post=1449"}],"curies":[{"name":"wp","href":"https:\/\/api.w.org\/{rel}","templated":true}]}}