{"id":1442,"date":"2016-09-16T11:26:49","date_gmt":"2016-09-16T17:26:49","guid":{"rendered":"http:\/\/www.vko.cz\/VKOweb\/?p=1442"},"modified":"2016-09-16T11:26:49","modified_gmt":"2016-09-16T17:26:49","slug":"49-polabsky-pohar","status":"publish","type":"post","link":"http:\/\/www.vko.cz\/VKOweb\/49-polabsky-pohar\/","title":{"rendered":"49.Polabsk\u00fd poh\u00e1r"},"content":{"rendered":"<p>10 -11.9. jsme vyrazili z\u00e1vodit na Labe, kde sv\u00e9 prvn\u00ed kilometry navesloval olympijsk\u00fd medailista Ondra Synek. Sv\u00e9 soupe\u0159e, zde poprv\u00e9 p\u0159edjeli i na\u0161i mlad\u0161\u00ed \u017e\u00e1ci. P\u00e1r fotek z poda\u0159en\u00e9ho v\u00edkendu zde: <a href=\"http:\/\/vko1883.rajce.idnes.cz\/Brandys_2016\/\">http:\/\/vko1883.rajce.idnes.cz\/Brandys_2016\/<\/a><\/p>\n","protected":false},"excerpt":{"rendered":"<p>10 -11.9. jsme vyrazili z\u00e1vodit na Labe, kde sv\u00e9 prvn\u00ed kilometry navesloval olympijsk\u00fd medailista Ondra Synek. Sv\u00e9 soupe\u0159e, zde poprv\u00e9 p\u0159edjeli i na\u0161i mlad\u0161\u00ed \u017e\u00e1ci. P\u00e1r fotek z poda\u0159en\u00e9ho v\u00edkendu zde: http:\/\/vko1883.rajce.idnes.cz\/Brandys_2016\/<\/p>\n","protected":false},"author":5,"featured_media":0,"comment_status":"open","ping_status":"closed","sticky":false,"template":"","format":"standard","meta":{"footnotes":""},"categories":[5],"tags":[],"_links":{"self":[{"href":"http:\/\/www.vko.cz\/VKOweb\/wp-json\/wp\/v2\/posts\/1442"}],"collection":[{"href":"http:\/\/www.vko.cz\/VKOweb\/wp-json\/wp\/v2\/posts"}],"about":[{"href":"http:\/\/www.vko.cz\/VKOweb\/wp-json\/wp\/v2\/types\/post"}],"author":[{"embeddable":true,"href":"http:\/\/www.vko.cz\/VKOweb\/wp-json\/wp\/v2\/users\/5"}],"replies":[{"embeddable":true,"href":"http:\/\/www.vko.cz\/VKOweb\/wp-json\/wp\/v2\/comments?post=1442"}],"version-history":[{"count":2,"href":"http:\/\/www.vko.cz\/VKOweb\/wp-json\/wp\/v2\/posts\/1442\/revisions"}],"predecessor-version":[{"id":1444,"href":"http:\/\/www.vko.cz\/VKOweb\/wp-json\/wp\/v2\/posts\/1442\/revisions\/1444"}],"wp:attachment":[{"href":"http:\/\/www.vko.cz\/VKOweb\/wp-json\/wp\/v2\/media?parent=1442"}],"wp:term":[{"taxonomy":"category","embeddable":true,"href":"http:\/\/www.vko.cz\/VKOweb\/wp-json\/wp\/v2\/categories?post=1442"},{"taxonomy":"post_tag","embeddable":true,"href":"http:\/\/www.vko.cz\/VKOweb\/wp-json\/wp\/v2\/tags?post=1442"}],"curies":[{"name":"wp","href":"https:\/\/api.w.org\/{rel}","templated":true}]}}