{"id":1435,"date":"2016-08-22T10:07:43","date_gmt":"2016-08-22T16:07:43","guid":{"rendered":"http:\/\/www.vko.cz\/VKOweb\/?p=1435"},"modified":"2016-08-22T10:07:43","modified_gmt":"2016-08-22T16:07:43","slug":"brnacyklokemp-lodenice","status":"publish","type":"post","link":"http:\/\/www.vko.cz\/VKOweb\/brnacyklokemp-lodenice\/","title":{"rendered":"Brn\u00e1,Cyklokemp Lod\u011bnice"},"content":{"rendered":"<p>15.8.-21.8. vyrazila skupina star\u0161\u00edch vesla\u0159\u016f naveslovat kilometry na Labe.<\/p>\n<p>foto:<a href=\"http:\/\/vko1883.rajce.idnes.cz\/soustredeni_Cyklokemp_Lodenice_2016\/\">http:\/\/vko1883.rajce.idnes.cz\/soustredeni_Cyklokemp_Lodenice_2016\/<\/a><\/p>\n","protected":false},"excerpt":{"rendered":"<p>15.8.-21.8. vyrazila skupina star\u0161\u00edch vesla\u0159\u016f naveslovat kilometry na Labe. foto:http:\/\/vko1883.rajce.idnes.cz\/soustredeni_Cyklokemp_Lodenice_2016\/<\/p>\n","protected":false},"author":5,"featured_media":0,"comment_status":"open","ping_status":"closed","sticky":false,"template":"","format":"standard","meta":{"footnotes":""},"categories":[5],"tags":[],"_links":{"self":[{"href":"http:\/\/www.vko.cz\/VKOweb\/wp-json\/wp\/v2\/posts\/1435"}],"collection":[{"href":"http:\/\/www.vko.cz\/VKOweb\/wp-json\/wp\/v2\/posts"}],"about":[{"href":"http:\/\/www.vko.cz\/VKOweb\/wp-json\/wp\/v2\/types\/post"}],"author":[{"embeddable":true,"href":"http:\/\/www.vko.cz\/VKOweb\/wp-json\/wp\/v2\/users\/5"}],"replies":[{"embeddable":true,"href":"http:\/\/www.vko.cz\/VKOweb\/wp-json\/wp\/v2\/comments?post=1435"}],"version-history":[{"count":1,"href":"http:\/\/www.vko.cz\/VKOweb\/wp-json\/wp\/v2\/posts\/1435\/revisions"}],"predecessor-version":[{"id":1436,"href":"http:\/\/www.vko.cz\/VKOweb\/wp-json\/wp\/v2\/posts\/1435\/revisions\/1436"}],"wp:attachment":[{"href":"http:\/\/www.vko.cz\/VKOweb\/wp-json\/wp\/v2\/media?parent=1435"}],"wp:term":[{"taxonomy":"category","embeddable":true,"href":"http:\/\/www.vko.cz\/VKOweb\/wp-json\/wp\/v2\/categories?post=1435"},{"taxonomy":"post_tag","embeddable":true,"href":"http:\/\/www.vko.cz\/VKOweb\/wp-json\/wp\/v2\/tags?post=1435"}],"curies":[{"name":"wp","href":"https:\/\/api.w.org\/{rel}","templated":true}]}}