{"id":1395,"date":"2016-06-02T10:39:02","date_gmt":"2016-06-02T16:39:02","guid":{"rendered":"http:\/\/www.vko.cz\/VKOweb\/?p=1395"},"modified":"2016-06-02T10:39:02","modified_gmt":"2016-06-02T16:39:02","slug":"lysa-nad-labem-4","status":"publish","type":"post","link":"http:\/\/www.vko.cz\/VKOweb\/lysa-nad-labem-4\/","title":{"rendered":"Lys\u00e1 nad Labem"},"content":{"rendered":"<p>28.-29.5 vyrazila aktivn\u00ed skupina vesla\u0159\u016f na v\u00edkendov\u00e9 z\u00e1vody do Lys\u00e9 nad Labem.Mlad\u0161\u00ed vesla\u0159i, zde hlavn\u011b z\u00edsk\u00e1vali zku\u0161enosti. A star\u0161\u00ed vesla\u0159i op\u011bt v\u00edt\u011bzili. Mezi \u00fasp\u011b\u0161n\u00e9 medailisty se za\u0159adili Martin Lacina,B\u00e1ra Jandov\u00e1, Petra Posp\u00ed\u0161ilov\u00e1.<\/p>\n<p><a href=\"http:\/\/vko1883.rajce.idnes.cz\/Lysa_nad_Labem_2016\/\">http:\/\/vko1883.rajce.idnes.cz\/Lysa_nad_Labem_2016\/<\/a><\/p>\n","protected":false},"excerpt":{"rendered":"<p>28.-29.5 vyrazila aktivn\u00ed skupina vesla\u0159\u016f na v\u00edkendov\u00e9 z\u00e1vody do Lys\u00e9 nad Labem.Mlad\u0161\u00ed vesla\u0159i, zde hlavn\u011b z\u00edsk\u00e1vali zku\u0161enosti. A star\u0161\u00ed vesla\u0159i op\u011bt v\u00edt\u011bzili. Mezi \u00fasp\u011b\u0161n\u00e9 medailisty se za\u0159adili Martin Lacina,B\u00e1ra Jandov\u00e1, Petra Posp\u00ed\u0161ilov\u00e1. http:\/\/vko1883.rajce.idnes.cz\/Lysa_nad_Labem_2016\/<\/p>\n","protected":false},"author":5,"featured_media":0,"comment_status":"open","ping_status":"closed","sticky":false,"template":"","format":"standard","meta":{"footnotes":""},"categories":[5],"tags":[],"_links":{"self":[{"href":"http:\/\/www.vko.cz\/VKOweb\/wp-json\/wp\/v2\/posts\/1395"}],"collection":[{"href":"http:\/\/www.vko.cz\/VKOweb\/wp-json\/wp\/v2\/posts"}],"about":[{"href":"http:\/\/www.vko.cz\/VKOweb\/wp-json\/wp\/v2\/types\/post"}],"author":[{"embeddable":true,"href":"http:\/\/www.vko.cz\/VKOweb\/wp-json\/wp\/v2\/users\/5"}],"replies":[{"embeddable":true,"href":"http:\/\/www.vko.cz\/VKOweb\/wp-json\/wp\/v2\/comments?post=1395"}],"version-history":[{"count":5,"href":"http:\/\/www.vko.cz\/VKOweb\/wp-json\/wp\/v2\/posts\/1395\/revisions"}],"predecessor-version":[{"id":1400,"href":"http:\/\/www.vko.cz\/VKOweb\/wp-json\/wp\/v2\/posts\/1395\/revisions\/1400"}],"wp:attachment":[{"href":"http:\/\/www.vko.cz\/VKOweb\/wp-json\/wp\/v2\/media?parent=1395"}],"wp:term":[{"taxonomy":"category","embeddable":true,"href":"http:\/\/www.vko.cz\/VKOweb\/wp-json\/wp\/v2\/categories?post=1395"},{"taxonomy":"post_tag","embeddable":true,"href":"http:\/\/www.vko.cz\/VKOweb\/wp-json\/wp\/v2\/tags?post=1395"}],"curies":[{"name":"wp","href":"https:\/\/api.w.org\/{rel}","templated":true}]}}