{"id":1379,"date":"2016-04-10T09:03:08","date_gmt":"2016-04-10T15:03:08","guid":{"rendered":"http:\/\/www.vko.cz\/VKOweb\/?p=1379"},"modified":"2016-04-10T11:03:58","modified_gmt":"2016-04-10T17:03:58","slug":"beh-na-cervenak","status":"publish","type":"post","link":"http:\/\/www.vko.cz\/VKOweb\/beh-na-cervenak\/","title":{"rendered":"B\u011bh na \u010cerve\u0148\u00e1k"},"content":{"rendered":"<p>Z\u00e1vody v b\u011bhu na \u010cerve\u0148\u00e1k ovl\u00e1dli vesla\u0159i. V mu\u017e\u00edch vyhr\u00e1v\u00e1 Honza Lacina \u00a0t\u011bsn\u011b za n\u00edm dob\u011bhl mlad\u0161\u00ed bratr Maritn. \u017denskou kategorii vyhr\u00e1la B\u00e1ra Jandov\u00e1, druh\u00e1 byla B\u00e1ra Tr\u00e1vn\u00ed\u010dkov\u00e1 a t\u0159et\u00ed Ivana Ka\u0161kov\u00e1. Na stupn\u011b v\u00edt\u011bz\u016f se prosadil v ro\u010dn\u00edku 2006 Petr Volek, dob\u011bhl si pro druh\u00e9 m\u00edsto. Ro\u010dn\u00edk 2005 obsazuje druh\u00e9 m\u00edsto Mat\u011bj Mach\u00e1\u010d, t\u0159et\u00ed skon\u010dil \u0160imon Pelc a t\u011bsn\u011b za n\u00edm Honza Vorel. <a href=\"http:\/\/vko1883.rajce.idnes.cz\/MCR_Horin_2016_a_beh_na_Cervenak\/#\">http:\/\/vko1883.rajce.idnes.cz\/MCR_Horin_2016_a_beh_na_Cervenak\/#<\/a><\/p>\n","protected":false},"excerpt":{"rendered":"<p>Z\u00e1vody v b\u011bhu na \u010cerve\u0148\u00e1k ovl\u00e1dli vesla\u0159i. V mu\u017e\u00edch vyhr\u00e1v\u00e1 Honza Lacina \u00a0t\u011bsn\u011b za n\u00edm dob\u011bhl mlad\u0161\u00ed bratr Maritn. \u017denskou kategorii vyhr\u00e1la B\u00e1ra Jandov\u00e1, druh\u00e1 byla B\u00e1ra Tr\u00e1vn\u00ed\u010dkov\u00e1 a t\u0159et\u00ed Ivana Ka\u0161kov\u00e1. Na stupn\u011b v\u00edt\u011bz\u016f<a class=\"read-more\" href=\"http:\/\/www.vko.cz\/VKOweb\/beh-na-cervenak\/\">\u010d\u00edst d\u00e1le..<\/a><\/p>\n","protected":false},"author":5,"featured_media":0,"comment_status":"open","ping_status":"closed","sticky":false,"template":"","format":"standard","meta":{"footnotes":""},"categories":[5],"tags":[],"_links":{"self":[{"href":"http:\/\/www.vko.cz\/VKOweb\/wp-json\/wp\/v2\/posts\/1379"}],"collection":[{"href":"http:\/\/www.vko.cz\/VKOweb\/wp-json\/wp\/v2\/posts"}],"about":[{"href":"http:\/\/www.vko.cz\/VKOweb\/wp-json\/wp\/v2\/types\/post"}],"author":[{"embeddable":true,"href":"http:\/\/www.vko.cz\/VKOweb\/wp-json\/wp\/v2\/users\/5"}],"replies":[{"embeddable":true,"href":"http:\/\/www.vko.cz\/VKOweb\/wp-json\/wp\/v2\/comments?post=1379"}],"version-history":[{"count":3,"href":"http:\/\/www.vko.cz\/VKOweb\/wp-json\/wp\/v2\/posts\/1379\/revisions"}],"predecessor-version":[{"id":1384,"href":"http:\/\/www.vko.cz\/VKOweb\/wp-json\/wp\/v2\/posts\/1379\/revisions\/1384"}],"wp:attachment":[{"href":"http:\/\/www.vko.cz\/VKOweb\/wp-json\/wp\/v2\/media?parent=1379"}],"wp:term":[{"taxonomy":"category","embeddable":true,"href":"http:\/\/www.vko.cz\/VKOweb\/wp-json\/wp\/v2\/categories?post=1379"},{"taxonomy":"post_tag","embeddable":true,"href":"http:\/\/www.vko.cz\/VKOweb\/wp-json\/wp\/v2\/tags?post=1379"}],"curies":[{"name":"wp","href":"https:\/\/api.w.org\/{rel}","templated":true}]}}