{"id":1377,"date":"2016-04-10T08:48:27","date_gmt":"2016-04-10T14:48:27","guid":{"rendered":"http:\/\/www.vko.cz\/VKOweb\/?p=1377"},"modified":"2016-04-10T09:07:02","modified_gmt":"2016-04-10T15:07:02","slug":"mistrovstvi-cr-na-dlouhe-draze-2016","status":"publish","type":"post","link":"http:\/\/www.vko.cz\/VKOweb\/mistrovstvi-cr-na-dlouhe-draze-2016\/","title":{"rendered":"Mistrovstv\u00ed \u010cR na dlouh\u00e9 dr\u00e1ze 2016"},"content":{"rendered":"<p>9.4. se jel prvn\u00ed z\u00e1vod sez\u00f3ny 2016. Po kvalitn\u00ed jarn\u00ed p\u0159\u00edprav\u011b jsme vyrazili na Ho\u0159\u00ednsk\u00fd kan\u00e1l bojovat o prvn\u00ed medaile. Nejl\u00e9pe se um\u00edstily dorostenky B\u00e1ra Jandov\u00e1 s Petrou Posp\u00ed\u0161ilovou. Na dvojce bez kormideln\u00edka dokon\u010dily z\u00e1vod na \u010dtvrt\u00e9m m\u00edst\u011b. P\u00e1t\u00e9 m\u00edsto pat\u0159\u00ed dvojce junior\u016f Bl\u00e1ha, Le\u0161ko. Ve stejn\u00e9 kategorii skon\u010dili na 15.m\u00edst\u011b Martin Lacina s Davidem Neumannem. Juniorky Ka\u0161kov\u00e1, Tr\u00e1vn\u00ed\u010dkov\u00e1 dokon\u010dily z\u00e1vod na 6.km na \u0161est\u00e9m m\u00edst\u011b.<\/p>\n","protected":false},"excerpt":{"rendered":"<p>9.4. se jel prvn\u00ed z\u00e1vod sez\u00f3ny 2016. Po kvalitn\u00ed jarn\u00ed p\u0159\u00edprav\u011b jsme vyrazili na Ho\u0159\u00ednsk\u00fd kan\u00e1l bojovat o prvn\u00ed medaile. Nejl\u00e9pe se um\u00edstily dorostenky B\u00e1ra Jandov\u00e1 s Petrou Posp\u00ed\u0161ilovou. Na dvojce bez kormideln\u00edka dokon\u010dily z\u00e1vod<a class=\"read-more\" href=\"http:\/\/www.vko.cz\/VKOweb\/mistrovstvi-cr-na-dlouhe-draze-2016\/\">\u010d\u00edst d\u00e1le..<\/a><\/p>\n","protected":false},"author":5,"featured_media":0,"comment_status":"open","ping_status":"closed","sticky":false,"template":"","format":"standard","meta":{"footnotes":""},"categories":[5],"tags":[],"_links":{"self":[{"href":"http:\/\/www.vko.cz\/VKOweb\/wp-json\/wp\/v2\/posts\/1377"}],"collection":[{"href":"http:\/\/www.vko.cz\/VKOweb\/wp-json\/wp\/v2\/posts"}],"about":[{"href":"http:\/\/www.vko.cz\/VKOweb\/wp-json\/wp\/v2\/types\/post"}],"author":[{"embeddable":true,"href":"http:\/\/www.vko.cz\/VKOweb\/wp-json\/wp\/v2\/users\/5"}],"replies":[{"embeddable":true,"href":"http:\/\/www.vko.cz\/VKOweb\/wp-json\/wp\/v2\/comments?post=1377"}],"version-history":[{"count":3,"href":"http:\/\/www.vko.cz\/VKOweb\/wp-json\/wp\/v2\/posts\/1377\/revisions"}],"predecessor-version":[{"id":1383,"href":"http:\/\/www.vko.cz\/VKOweb\/wp-json\/wp\/v2\/posts\/1377\/revisions\/1383"}],"wp:attachment":[{"href":"http:\/\/www.vko.cz\/VKOweb\/wp-json\/wp\/v2\/media?parent=1377"}],"wp:term":[{"taxonomy":"category","embeddable":true,"href":"http:\/\/www.vko.cz\/VKOweb\/wp-json\/wp\/v2\/categories?post=1377"},{"taxonomy":"post_tag","embeddable":true,"href":"http:\/\/www.vko.cz\/VKOweb\/wp-json\/wp\/v2\/tags?post=1377"}],"curies":[{"name":"wp","href":"https:\/\/api.w.org\/{rel}","templated":true}]}}