{"id":1365,"date":"2016-02-15T11:31:10","date_gmt":"2016-02-15T17:31:10","guid":{"rendered":"http:\/\/www.vko.cz\/VKOweb\/?p=1365"},"modified":"2016-02-15T11:52:34","modified_gmt":"2016-02-15T17:52:34","slug":"mistrovstvi-republiky-v-jizde-na-veslarskem-trenazeru-2016","status":"publish","type":"post","link":"http:\/\/www.vko.cz\/VKOweb\/mistrovstvi-republiky-v-jizde-na-veslarskem-trenazeru-2016\/","title":{"rendered":"Mistrovstv\u00ed republiky v j\u00edzd\u011b na vesla\u0159sk\u00e9m trena\u017e\u00e9ru 2016"},"content":{"rendered":"<p>13.2. se konalo v D\u011b\u010d\u00edn\u011b Mezin\u00e1rodn\u00ed M\u010cR 2016. Nejlep\u0161\u00edho v\u00fdsledku dos\u00e1hla B\u00e1ra Jandov\u00e1, kter\u00e1 skon\u010dila na 11.m\u00edst\u011b. 14.m\u00edsto obsadila Hana Lavi\u010dkov\u00e1. Ob\u011b spolu vesluj\u00ed na dvojce bez kormideln\u00edka. Dobr\u00e9 v\u00fdsledky d\u011bv\u010dat na trena\u017e\u00e9rech nazna\u010duj\u00ed kvalitn\u00ed zimn\u00ed p\u0159\u00edpravu, proto se m\u016f\u017eeme t\u011b\u0161it na jejich v\u00fdsledky na vod\u011b.<\/p>\n<p><a href=\"http:\/\/vko1883.rajce.idnes.cz\/MCR_na_trenazerech_2016#\">http:\/\/vko1883.rajce.idnes.cz\/MCR_na_trenazerech_2016#<\/a><\/p>\n","protected":false},"excerpt":{"rendered":"<p>13.2. se konalo v D\u011b\u010d\u00edn\u011b Mezin\u00e1rodn\u00ed M\u010cR 2016. Nejlep\u0161\u00edho v\u00fdsledku dos\u00e1hla B\u00e1ra Jandov\u00e1, kter\u00e1 skon\u010dila na 11.m\u00edst\u011b. 14.m\u00edsto obsadila Hana Lavi\u010dkov\u00e1. Ob\u011b spolu vesluj\u00ed na dvojce bez kormideln\u00edka. Dobr\u00e9 v\u00fdsledky d\u011bv\u010dat na trena\u017e\u00e9rech nazna\u010duj\u00ed kvalitn\u00ed<a class=\"read-more\" href=\"http:\/\/www.vko.cz\/VKOweb\/mistrovstvi-republiky-v-jizde-na-veslarskem-trenazeru-2016\/\">\u010d\u00edst d\u00e1le..<\/a><\/p>\n","protected":false},"author":5,"featured_media":0,"comment_status":"open","ping_status":"closed","sticky":false,"template":"","format":"standard","meta":{"footnotes":""},"categories":[5],"tags":[],"_links":{"self":[{"href":"http:\/\/www.vko.cz\/VKOweb\/wp-json\/wp\/v2\/posts\/1365"}],"collection":[{"href":"http:\/\/www.vko.cz\/VKOweb\/wp-json\/wp\/v2\/posts"}],"about":[{"href":"http:\/\/www.vko.cz\/VKOweb\/wp-json\/wp\/v2\/types\/post"}],"author":[{"embeddable":true,"href":"http:\/\/www.vko.cz\/VKOweb\/wp-json\/wp\/v2\/users\/5"}],"replies":[{"embeddable":true,"href":"http:\/\/www.vko.cz\/VKOweb\/wp-json\/wp\/v2\/comments?post=1365"}],"version-history":[{"count":2,"href":"http:\/\/www.vko.cz\/VKOweb\/wp-json\/wp\/v2\/posts\/1365\/revisions"}],"predecessor-version":[{"id":1367,"href":"http:\/\/www.vko.cz\/VKOweb\/wp-json\/wp\/v2\/posts\/1365\/revisions\/1367"}],"wp:attachment":[{"href":"http:\/\/www.vko.cz\/VKOweb\/wp-json\/wp\/v2\/media?parent=1365"}],"wp:term":[{"taxonomy":"category","embeddable":true,"href":"http:\/\/www.vko.cz\/VKOweb\/wp-json\/wp\/v2\/categories?post=1365"},{"taxonomy":"post_tag","embeddable":true,"href":"http:\/\/www.vko.cz\/VKOweb\/wp-json\/wp\/v2\/tags?post=1365"}],"curies":[{"name":"wp","href":"https:\/\/api.w.org\/{rel}","templated":true}]}}