{"id":1354,"date":"2016-02-10T12:23:48","date_gmt":"2016-02-10T18:23:48","guid":{"rendered":"http:\/\/www.vko.cz\/VKOweb\/?p=1354"},"modified":"2016-02-10T12:23:48","modified_gmt":"2016-02-10T18:23:48","slug":"nejuspesnejsi-sportovec-okresu-louny","status":"publish","type":"post","link":"http:\/\/www.vko.cz\/VKOweb\/nejuspesnejsi-sportovec-okresu-louny\/","title":{"rendered":"Nej\u00fasp\u011b\u0161n\u011bj\u0161\u00ed sportovec okresu Louny"},"content":{"rendered":"<p>9.2. byl n\u00e1\u0161 kolektiv vyhl\u00e1\u0161en na t\u0159et\u00edm m\u00edst\u011b.<\/p>\n<p>http:\/\/zatecky.denik.cz\/zpravy_region\/sportovec_roku_zatec_20160209.html<\/p>\n<p>GRATULUJEME<\/p>\n<p><a rel=\"attachment wp-att-1355\" href=\"http:\/\/www.vko.cz\/VKOweb\/nejuspesnejsi-sportovec-okresu-louny\/sportovec-roku-zatec-20160209-7_galerie-980\/\"><img decoding=\"async\" loading=\"lazy\" class=\"alignnone size-medium wp-image-1355\" src=\"http:\/\/www.vko.cz\/VKOweb\/wp-content\/uploads\/sportovec-roku-zatec-20160209-7_galerie-980-300x173.jpg\" alt=\"\" width=\"300\" height=\"173\" srcset=\"http:\/\/www.vko.cz\/VKOweb\/wp-content\/uploads\/sportovec-roku-zatec-20160209-7_galerie-980-300x173.jpg 300w, http:\/\/www.vko.cz\/VKOweb\/wp-content\/uploads\/sportovec-roku-zatec-20160209-7_galerie-980-150x86.jpg 150w, http:\/\/www.vko.cz\/VKOweb\/wp-content\/uploads\/sportovec-roku-zatec-20160209-7_galerie-980.jpg 980w\" sizes=\"(max-width: 300px) 100vw, 300px\" \/><\/a><\/p>\n","protected":false},"excerpt":{"rendered":"<p>9.2. byl n\u00e1\u0161 kolektiv vyhl\u00e1\u0161en na t\u0159et\u00edm m\u00edst\u011b. http:\/\/zatecky.denik.cz\/zpravy_region\/sportovec_roku_zatec_20160209.html GRATULUJEME<\/p>\n","protected":false},"author":5,"featured_media":0,"comment_status":"open","ping_status":"closed","sticky":false,"template":"","format":"standard","meta":{"footnotes":""},"categories":[5],"tags":[],"_links":{"self":[{"href":"http:\/\/www.vko.cz\/VKOweb\/wp-json\/wp\/v2\/posts\/1354"}],"collection":[{"href":"http:\/\/www.vko.cz\/VKOweb\/wp-json\/wp\/v2\/posts"}],"about":[{"href":"http:\/\/www.vko.cz\/VKOweb\/wp-json\/wp\/v2\/types\/post"}],"author":[{"embeddable":true,"href":"http:\/\/www.vko.cz\/VKOweb\/wp-json\/wp\/v2\/users\/5"}],"replies":[{"embeddable":true,"href":"http:\/\/www.vko.cz\/VKOweb\/wp-json\/wp\/v2\/comments?post=1354"}],"version-history":[{"count":2,"href":"http:\/\/www.vko.cz\/VKOweb\/wp-json\/wp\/v2\/posts\/1354\/revisions"}],"predecessor-version":[{"id":1357,"href":"http:\/\/www.vko.cz\/VKOweb\/wp-json\/wp\/v2\/posts\/1354\/revisions\/1357"}],"wp:attachment":[{"href":"http:\/\/www.vko.cz\/VKOweb\/wp-json\/wp\/v2\/media?parent=1354"}],"wp:term":[{"taxonomy":"category","embeddable":true,"href":"http:\/\/www.vko.cz\/VKOweb\/wp-json\/wp\/v2\/categories?post=1354"},{"taxonomy":"post_tag","embeddable":true,"href":"http:\/\/www.vko.cz\/VKOweb\/wp-json\/wp\/v2\/tags?post=1354"}],"curies":[{"name":"wp","href":"https:\/\/api.w.org\/{rel}","templated":true}]}}