{"id":1350,"date":"2016-02-01T13:04:51","date_gmt":"2016-02-01T19:04:51","guid":{"rendered":"http:\/\/www.vko.cz\/VKOweb\/?p=1350"},"modified":"2016-02-01T13:04:51","modified_gmt":"2016-02-01T19:04:51","slug":"lll-kolo-poharu-2015-16","status":"publish","type":"post","link":"http:\/\/www.vko.cz\/VKOweb\/lll-kolo-poharu-2015-16\/","title":{"rendered":"lll.kolo Poh\u00e1ru 2015-16"},"content":{"rendered":"<p>30.ledna se konalo v Pardubic\u00edch t\u0159et\u00ed kolo poh\u00e1ru v j\u00edzd\u011b na vesla\u0159sk\u00e9m trena\u017e\u00e9ru. Lounsk\u00e9 barvy reprezentovaly B\u00e1ra Jandov\u00e1 a Petra Posp\u00ed\u0161ilov\u00e1. B\u00e1ra jela sv\u00e9 osobn\u00ed maximum, kter\u00e9 j\u00ed vyneslo na \u0161estou p\u0159\u00ed\u010dku. Hned za n\u00ed se um\u00edstila Petra.<div id='gallery-1' class='gallery galleryid-1350 gallery-columns-3 gallery-size-thumbnail'><figure class='gallery-item'>\n\t\t\t<div class='gallery-icon landscape'>\n\t\t\t\t<a href='http:\/\/www.vko.cz\/VKOweb\/wp-content\/uploads\/20160130_112937.jpg'><img width=\"150\" height=\"90\" src=\"http:\/\/www.vko.cz\/VKOweb\/wp-content\/uploads\/20160130_112937-150x90.jpg\" class=\"attachment-thumbnail size-thumbnail\" alt=\"\" decoding=\"async\" loading=\"lazy\" srcset=\"http:\/\/www.vko.cz\/VKOweb\/wp-content\/uploads\/20160130_112937-150x90.jpg 150w, http:\/\/www.vko.cz\/VKOweb\/wp-content\/uploads\/20160130_112937-300x180.jpg 300w, http:\/\/www.vko.cz\/VKOweb\/wp-content\/uploads\/20160130_112937-1024x614.jpg 1024w\" sizes=\"(max-width: 150px) 100vw, 150px\" \/><\/a>\n\t\t\t<\/div><\/figure>\n\t\t<\/div>\n<\/p>\n","protected":false},"excerpt":{"rendered":"<p>30.ledna se konalo v Pardubic\u00edch t\u0159et\u00ed kolo poh\u00e1ru v j\u00edzd\u011b na vesla\u0159sk\u00e9m trena\u017e\u00e9ru. Lounsk\u00e9 barvy reprezentovaly B\u00e1ra Jandov\u00e1 a Petra Posp\u00ed\u0161ilov\u00e1. B\u00e1ra jela sv\u00e9 osobn\u00ed maximum, kter\u00e9 j\u00ed vyneslo na \u0161estou p\u0159\u00ed\u010dku. Hned za n\u00ed<a class=\"read-more\" href=\"http:\/\/www.vko.cz\/VKOweb\/lll-kolo-poharu-2015-16\/\">\u010d\u00edst d\u00e1le..<\/a><\/p>\n","protected":false},"author":5,"featured_media":0,"comment_status":"open","ping_status":"closed","sticky":false,"template":"","format":"standard","meta":{"footnotes":""},"categories":[5],"tags":[],"_links":{"self":[{"href":"http:\/\/www.vko.cz\/VKOweb\/wp-json\/wp\/v2\/posts\/1350"}],"collection":[{"href":"http:\/\/www.vko.cz\/VKOweb\/wp-json\/wp\/v2\/posts"}],"about":[{"href":"http:\/\/www.vko.cz\/VKOweb\/wp-json\/wp\/v2\/types\/post"}],"author":[{"embeddable":true,"href":"http:\/\/www.vko.cz\/VKOweb\/wp-json\/wp\/v2\/users\/5"}],"replies":[{"embeddable":true,"href":"http:\/\/www.vko.cz\/VKOweb\/wp-json\/wp\/v2\/comments?post=1350"}],"version-history":[{"count":1,"href":"http:\/\/www.vko.cz\/VKOweb\/wp-json\/wp\/v2\/posts\/1350\/revisions"}],"predecessor-version":[{"id":1353,"href":"http:\/\/www.vko.cz\/VKOweb\/wp-json\/wp\/v2\/posts\/1350\/revisions\/1353"}],"wp:attachment":[{"href":"http:\/\/www.vko.cz\/VKOweb\/wp-json\/wp\/v2\/media?parent=1350"}],"wp:term":[{"taxonomy":"category","embeddable":true,"href":"http:\/\/www.vko.cz\/VKOweb\/wp-json\/wp\/v2\/categories?post=1350"},{"taxonomy":"post_tag","embeddable":true,"href":"http:\/\/www.vko.cz\/VKOweb\/wp-json\/wp\/v2\/tags?post=1350"}],"curies":[{"name":"wp","href":"https:\/\/api.w.org\/{rel}","templated":true}]}}