{"id":1348,"date":"2016-01-11T13:27:21","date_gmt":"2016-01-11T19:27:21","guid":{"rendered":"http:\/\/www.vko.cz\/VKOweb\/?p=1348"},"modified":"2016-01-11T13:27:21","modified_gmt":"2016-01-11T19:27:21","slug":"ii-kolo-poharu-cr-2015-16","status":"publish","type":"post","link":"http:\/\/www.vko.cz\/VKOweb\/ii-kolo-poharu-cr-2015-16\/","title":{"rendered":"II.kolo Poh\u00e1ru \u010cR 2015-16"},"content":{"rendered":"<p>10.1. se jelo v Neratovic\u00edch II.kolo Poh\u00e1ru v j\u00edzd\u011b na vesla\u0159sk\u00e9m trena\u017e\u00e9ru. Nejlep\u0161\u00edho um\u00edst\u011bn\u00ed dos\u00e1hla Petra Posp\u00ed\u0161ilov\u00e1, kter\u00e1 skon\u010dila z 37 dorostenek na \u010dtvrt\u00e9m m\u00edst\u011b.<\/p>\n","protected":false},"excerpt":{"rendered":"<p>10.1. se jelo v Neratovic\u00edch II.kolo Poh\u00e1ru v j\u00edzd\u011b na vesla\u0159sk\u00e9m trena\u017e\u00e9ru. Nejlep\u0161\u00edho um\u00edst\u011bn\u00ed dos\u00e1hla Petra Posp\u00ed\u0161ilov\u00e1, kter\u00e1 skon\u010dila z 37 dorostenek na \u010dtvrt\u00e9m m\u00edst\u011b.<\/p>\n","protected":false},"author":5,"featured_media":0,"comment_status":"open","ping_status":"closed","sticky":false,"template":"","format":"standard","meta":{"footnotes":""},"categories":[5],"tags":[],"_links":{"self":[{"href":"http:\/\/www.vko.cz\/VKOweb\/wp-json\/wp\/v2\/posts\/1348"}],"collection":[{"href":"http:\/\/www.vko.cz\/VKOweb\/wp-json\/wp\/v2\/posts"}],"about":[{"href":"http:\/\/www.vko.cz\/VKOweb\/wp-json\/wp\/v2\/types\/post"}],"author":[{"embeddable":true,"href":"http:\/\/www.vko.cz\/VKOweb\/wp-json\/wp\/v2\/users\/5"}],"replies":[{"embeddable":true,"href":"http:\/\/www.vko.cz\/VKOweb\/wp-json\/wp\/v2\/comments?post=1348"}],"version-history":[{"count":1,"href":"http:\/\/www.vko.cz\/VKOweb\/wp-json\/wp\/v2\/posts\/1348\/revisions"}],"predecessor-version":[{"id":1349,"href":"http:\/\/www.vko.cz\/VKOweb\/wp-json\/wp\/v2\/posts\/1348\/revisions\/1349"}],"wp:attachment":[{"href":"http:\/\/www.vko.cz\/VKOweb\/wp-json\/wp\/v2\/media?parent=1348"}],"wp:term":[{"taxonomy":"category","embeddable":true,"href":"http:\/\/www.vko.cz\/VKOweb\/wp-json\/wp\/v2\/categories?post=1348"},{"taxonomy":"post_tag","embeddable":true,"href":"http:\/\/www.vko.cz\/VKOweb\/wp-json\/wp\/v2\/tags?post=1348"}],"curies":[{"name":"wp","href":"https:\/\/api.w.org\/{rel}","templated":true}]}}