{"id":1290,"date":"2015-11-02T08:07:49","date_gmt":"2015-11-02T14:07:49","guid":{"rendered":"http:\/\/www.vko.cz\/VKOweb\/?p=1290"},"modified":"2015-11-02T08:07:49","modified_gmt":"2015-11-02T14:07:49","slug":"vko-louny-za-zdenkem-helsusem%e2%80%a6","status":"publish","type":"post","link":"http:\/\/www.vko.cz\/VKOweb\/vko-louny-za-zdenkem-helsusem%e2%80%a6\/","title":{"rendered":"VKO Louny: Za Zde\u0148kem Hel\u0161usem\u2026"},"content":{"rendered":"<p><strong>Vesla\u0159sk\u00fd klub Oh\u0159e Louny<\/strong> s\u00a0hlubok\u00fdm z\u00e1rmutkem oznamuje, \u017ee dne 29. \u0159\u00edjna 2015 zem\u0159el po dlouh\u00e9 a t\u011b\u017ek\u00e9 nemoci \u010destn\u00fd \u010dlen VKO a dlouholet\u00fd p\u0159edseda klubu <strong>Zden\u011bk Hel\u0161us<\/strong> ve v\u011bku 72 let. \u010cestn\u00fd \u010dlen klubu, vynikaj\u00edc\u00ed vesla\u0159, tren\u00e9r a dlouholet\u00fd p\u0159edseda VKO Louny byl sportovcem t\u011blem i du\u0161\u00ed.<\/p>\n<p>Od roku 1961, kdy dos\u00e1hl sv\u00e9ho prvn\u00edho velk\u00e9ho v\u00edt\u011bzstv\u00ed byl Zden\u011bk jednou z\u00a0nejv\u00fdrazn\u011bj\u0161\u00edch postav novodob\u00e9 historie klubu. V\u00a0roce 1967 se stal p\u0159edsedou klubu, kter\u00fd se tehdy za\u010dal, hlavn\u011b jeho z\u00e1sluhou rozv\u00edjet. V\u00a0p\u0159edsednick\u00e9 funkci v\u011bnoval VKO svoje nad\u0161en\u00ed, z\u00e1pal a tvrdou pr\u00e1ci a\u017e do roku 2004. Se dv\u011bma kr\u00e1tk\u00fdmi p\u0159est\u00e1vkami tedy t\u011b\u017eko uv\u011b\u0159iteln\u00fdch 35 let.<\/p>\n<p>I pot\u00e9 co p\u0159edal p\u0159edsednickou \u0161tafetu dal\u0161\u00edm, pracoval pro klub tak, jak mu to jeho s\u00edly dovolily. Obdivuhodn\u00fd byl do posledn\u00edch let jeho tr\u00e9nink a v\u00fdkony v\u00a0kategorii Masters. Teprve t\u011b\u017ek\u00e1 nemoc, se kterou do posledn\u00ed chv\u00edle bojoval, byla soupe\u0159em nad jeho s\u00edly.<\/p>\n<p>Zden\u011bk byl vynikaj\u00edc\u00ed \u010dlen klubu, tren\u00e9r, p\u0159edseda, vesla\u0159 a \u010dlov\u011bk, kamar\u00e1d a p\u0159\u00edklad pro n\u00e1s mlad\u0161\u00ed. V\u0161em n\u00e1m bude moc chyb\u011bt.<\/p>\n<p>\u010cest Tv\u00e9 pam\u00e1tce Zde\u0148ku, nikdy nezapomeneme\u2026<\/p>\n<p>Za VKO Louny<\/p>\n<p><strong>Ing. Jarom\u00edr Vorel<\/strong><\/p>\n","protected":false},"excerpt":{"rendered":"<p>Vesla\u0159sk\u00fd klub Oh\u0159e Louny s\u00a0hlubok\u00fdm z\u00e1rmutkem oznamuje, \u017ee dne 29. \u0159\u00edjna 2015 zem\u0159el po dlouh\u00e9 a t\u011b\u017ek\u00e9 nemoci \u010destn\u00fd \u010dlen VKO a dlouholet\u00fd p\u0159edseda klubu Zden\u011bk Hel\u0161us ve v\u011bku 72 let. \u010cestn\u00fd \u010dlen klubu, vynikaj\u00edc\u00ed<a class=\"read-more\" href=\"http:\/\/www.vko.cz\/VKOweb\/vko-louny-za-zdenkem-helsusem%e2%80%a6\/\">\u010d\u00edst d\u00e1le..<\/a><\/p>\n","protected":false},"author":5,"featured_media":0,"comment_status":"open","ping_status":"closed","sticky":false,"template":"","format":"standard","meta":{"footnotes":""},"categories":[5],"tags":[],"_links":{"self":[{"href":"http:\/\/www.vko.cz\/VKOweb\/wp-json\/wp\/v2\/posts\/1290"}],"collection":[{"href":"http:\/\/www.vko.cz\/VKOweb\/wp-json\/wp\/v2\/posts"}],"about":[{"href":"http:\/\/www.vko.cz\/VKOweb\/wp-json\/wp\/v2\/types\/post"}],"author":[{"embeddable":true,"href":"http:\/\/www.vko.cz\/VKOweb\/wp-json\/wp\/v2\/users\/5"}],"replies":[{"embeddable":true,"href":"http:\/\/www.vko.cz\/VKOweb\/wp-json\/wp\/v2\/comments?post=1290"}],"version-history":[{"count":1,"href":"http:\/\/www.vko.cz\/VKOweb\/wp-json\/wp\/v2\/posts\/1290\/revisions"}],"predecessor-version":[{"id":1291,"href":"http:\/\/www.vko.cz\/VKOweb\/wp-json\/wp\/v2\/posts\/1290\/revisions\/1291"}],"wp:attachment":[{"href":"http:\/\/www.vko.cz\/VKOweb\/wp-json\/wp\/v2\/media?parent=1290"}],"wp:term":[{"taxonomy":"category","embeddable":true,"href":"http:\/\/www.vko.cz\/VKOweb\/wp-json\/wp\/v2\/categories?post=1290"},{"taxonomy":"post_tag","embeddable":true,"href":"http:\/\/www.vko.cz\/VKOweb\/wp-json\/wp\/v2\/tags?post=1290"}],"curies":[{"name":"wp","href":"https:\/\/api.w.org\/{rel}","templated":true}]}}