{"id":1280,"date":"2015-10-01T01:52:40","date_gmt":"2015-10-01T07:52:40","guid":{"rendered":"http:\/\/www.vko.cz\/VKOweb\/?p=1280"},"modified":"2015-10-01T01:52:40","modified_gmt":"2015-10-01T07:52:40","slug":"mistrovsky-vikend-v-racicich-2","status":"publish","type":"post","link":"http:\/\/www.vko.cz\/VKOweb\/mistrovsky-vikend-v-racicich-2\/","title":{"rendered":"Mistrovsk\u00fd v\u00edkend v Ra\u010dic\u00edch"},"content":{"rendered":"<p>V sobotu 26.9. se konalo v Ra\u010dic\u00edch mistrovstv\u00ed republiky ve sprintu. Na 500 metrov\u00e9 trati se n\u00e1m vedlo velice zdatn\u011b. Dorostenc\u016fm se poda\u0159ilo na \u010dty\u0159ce bez kormideln\u00edka zv\u00edt\u011bzit. Na \u00a0dvojce bez obsadili t\u011bsn\u011b druh\u00e9 m\u00edsto. Martin Lacina ve spole\u010denstv\u00ed polabsk\u00fdch odd\u00edl\u016f vybojoval t\u0159et\u00ed m\u00edsto na p\u00e1rov\u00e9 \u010dty\u0159ce. Dorostenk\u00e1m se vedlo tak\u00e9 velice \u00fasp\u011b\u0161n\u011b. Na dvojce dos\u00e1hly druh\u00e9ho m\u00edsta. Stejn\u00e9 um\u00edst\u011bn\u00ed se povedlo vybojovat na osm\u011b, kter\u00e1 jela ve spole\u010denstv\u00ed s Neratovicemi a \u010cVK Praha. Na \u010dty\u0159ce bez kormideln\u00edka obsadily holky t\u0159et\u00ed m\u00edsto. Prodlou\u017een\u00fd v\u00edkend pokra\u010doval Mistrovstv\u00edm republiky dru\u017estev. Spole\u010dn\u00fdm \u00fasil\u00edm v\u0161ech v\u011bkov\u00fdch kategorii se n\u00e1m povedlo obsadit 18.m\u00edsto. <a href=\"http:\/\/vko1883.rajce.idnes.cz\/MCR_Druzstev_2015\/\">http:\/\/vko1883.rajce.idnes.cz\/MCR_Druzstev_2015\/<\/a>#<\/p>\n","protected":false},"excerpt":{"rendered":"<p>V sobotu 26.9. se konalo v Ra\u010dic\u00edch mistrovstv\u00ed republiky ve sprintu. Na 500 metrov\u00e9 trati se n\u00e1m vedlo velice zdatn\u011b. Dorostenc\u016fm se poda\u0159ilo na \u010dty\u0159ce bez kormideln\u00edka zv\u00edt\u011bzit. Na \u00a0dvojce bez obsadili t\u011bsn\u011b druh\u00e9 m\u00edsto.<a class=\"read-more\" href=\"http:\/\/www.vko.cz\/VKOweb\/mistrovsky-vikend-v-racicich-2\/\">\u010d\u00edst d\u00e1le..<\/a><\/p>\n","protected":false},"author":5,"featured_media":0,"comment_status":"open","ping_status":"closed","sticky":false,"template":"","format":"standard","meta":{"footnotes":""},"categories":[5],"tags":[],"_links":{"self":[{"href":"http:\/\/www.vko.cz\/VKOweb\/wp-json\/wp\/v2\/posts\/1280"}],"collection":[{"href":"http:\/\/www.vko.cz\/VKOweb\/wp-json\/wp\/v2\/posts"}],"about":[{"href":"http:\/\/www.vko.cz\/VKOweb\/wp-json\/wp\/v2\/types\/post"}],"author":[{"embeddable":true,"href":"http:\/\/www.vko.cz\/VKOweb\/wp-json\/wp\/v2\/users\/5"}],"replies":[{"embeddable":true,"href":"http:\/\/www.vko.cz\/VKOweb\/wp-json\/wp\/v2\/comments?post=1280"}],"version-history":[{"count":2,"href":"http:\/\/www.vko.cz\/VKOweb\/wp-json\/wp\/v2\/posts\/1280\/revisions"}],"predecessor-version":[{"id":1282,"href":"http:\/\/www.vko.cz\/VKOweb\/wp-json\/wp\/v2\/posts\/1280\/revisions\/1282"}],"wp:attachment":[{"href":"http:\/\/www.vko.cz\/VKOweb\/wp-json\/wp\/v2\/media?parent=1280"}],"wp:term":[{"taxonomy":"category","embeddable":true,"href":"http:\/\/www.vko.cz\/VKOweb\/wp-json\/wp\/v2\/categories?post=1280"},{"taxonomy":"post_tag","embeddable":true,"href":"http:\/\/www.vko.cz\/VKOweb\/wp-json\/wp\/v2\/tags?post=1280"}],"curies":[{"name":"wp","href":"https:\/\/api.w.org\/{rel}","templated":true}]}}