{"id":1276,"date":"2015-09-16T06:39:13","date_gmt":"2015-09-16T12:39:13","guid":{"rendered":"http:\/\/www.vko.cz\/VKOweb\/?p=1276"},"modified":"2015-09-16T06:42:51","modified_gmt":"2015-09-16T12:42:51","slug":"polabsky-pohar","status":"publish","type":"post","link":"http:\/\/www.vko.cz\/VKOweb\/polabsky-pohar\/","title":{"rendered":"Polabsk\u00fd Poh\u00e1r"},"content":{"rendered":"<p>Do Brand\u00fdsa n\u00e1s pozval \u010derstv\u00fd mistr sv\u011bta ve veslov\u00e1n\u00ed Ondra Synek. Na Labi kde z\u00edsk\u00e1val sv\u00e9 prvn\u00ed vesla\u0159sk\u00e9 zku\u0161enosti se n\u00e1m op\u011bt da\u0159ilo. Poda\u0159ilo se n\u00e1m sedmkr\u00e1t zv\u00edt\u011bzit. Nejv\u011bt\u0161\u00edho v\u00edt\u011bzstv\u00ed dos\u00e1hli na\u0161i nejmen\u0161\u00ed vesla\u0159i, kte\u0159\u00ed vyrazili na sv\u016fj prvn\u00ed z\u00e1vod. Veslovali na \u010dty\u0159ce s kormideln\u00edkem a na dvojskifu, proti star\u0161\u00edm soupe\u0159\u016fm. Jejich vrstevnici v\u011bt\u0161inou je\u0161t\u011b nev\u011bd\u00ed co veslov\u00e1n\u00ed je. Proto jim jm\u00e9nem klubu moc gratuluji.<\/p>\n<p><a href=\"http:\/\/vko1883.rajce.idnes.cz\/Brandys_2015\/\">http:\/\/vko1883.rajce.idnes.cz\/Brandys_2015\/<\/a><a href=\"http:\/\/\"><\/a><\/p>\n","protected":false},"excerpt":{"rendered":"<p>Do Brand\u00fdsa n\u00e1s pozval \u010derstv\u00fd mistr sv\u011bta ve veslov\u00e1n\u00ed Ondra Synek. Na Labi kde z\u00edsk\u00e1val sv\u00e9 prvn\u00ed vesla\u0159sk\u00e9 zku\u0161enosti se n\u00e1m op\u011bt da\u0159ilo. Poda\u0159ilo se n\u00e1m sedmkr\u00e1t zv\u00edt\u011bzit. Nejv\u011bt\u0161\u00edho v\u00edt\u011bzstv\u00ed dos\u00e1hli na\u0161i nejmen\u0161\u00ed vesla\u0159i, kte\u0159\u00ed<a class=\"read-more\" href=\"http:\/\/www.vko.cz\/VKOweb\/polabsky-pohar\/\">\u010d\u00edst d\u00e1le..<\/a><\/p>\n","protected":false},"author":5,"featured_media":0,"comment_status":"open","ping_status":"closed","sticky":false,"template":"","format":"standard","meta":{"footnotes":""},"categories":[5],"tags":[],"_links":{"self":[{"href":"http:\/\/www.vko.cz\/VKOweb\/wp-json\/wp\/v2\/posts\/1276"}],"collection":[{"href":"http:\/\/www.vko.cz\/VKOweb\/wp-json\/wp\/v2\/posts"}],"about":[{"href":"http:\/\/www.vko.cz\/VKOweb\/wp-json\/wp\/v2\/types\/post"}],"author":[{"embeddable":true,"href":"http:\/\/www.vko.cz\/VKOweb\/wp-json\/wp\/v2\/users\/5"}],"replies":[{"embeddable":true,"href":"http:\/\/www.vko.cz\/VKOweb\/wp-json\/wp\/v2\/comments?post=1276"}],"version-history":[{"count":3,"href":"http:\/\/www.vko.cz\/VKOweb\/wp-json\/wp\/v2\/posts\/1276\/revisions"}],"predecessor-version":[{"id":1279,"href":"http:\/\/www.vko.cz\/VKOweb\/wp-json\/wp\/v2\/posts\/1276\/revisions\/1279"}],"wp:attachment":[{"href":"http:\/\/www.vko.cz\/VKOweb\/wp-json\/wp\/v2\/media?parent=1276"}],"wp:term":[{"taxonomy":"category","embeddable":true,"href":"http:\/\/www.vko.cz\/VKOweb\/wp-json\/wp\/v2\/categories?post=1276"},{"taxonomy":"post_tag","embeddable":true,"href":"http:\/\/www.vko.cz\/VKOweb\/wp-json\/wp\/v2\/tags?post=1276"}],"curies":[{"name":"wp","href":"https:\/\/api.w.org\/{rel}","templated":true}]}}