{"id":1268,"date":"2015-08-30T11:45:37","date_gmt":"2015-08-30T17:45:37","guid":{"rendered":"http:\/\/www.vko.cz\/VKOweb\/?p=1268"},"modified":"2015-09-01T00:38:36","modified_gmt":"2015-09-01T06:38:36","slug":"trebonska-regata-a-61-mezinarodni-regata-v-litomericich","status":"publish","type":"post","link":"http:\/\/www.vko.cz\/VKOweb\/trebonska-regata-a-61-mezinarodni-regata-v-litomericich\/","title":{"rendered":"T\u0159ebo\u0148sk\u00e1 regata a 61.Mezin\u00e1rodn\u00ed regata v Litom\u011b\u0159ic\u00edch"},"content":{"rendered":"<p>Na konci pr\u00e1zdnin se konaly dv\u011b regaty. T\u0159ebo\u0148skou regatou je zakon\u010deno lounsk\u00e9 soust\u0159ed\u011bn\u00ed na rybn\u00edku Sv\u011bt. Zde se poda\u0159ilo zv\u00edt\u011bzit dorosteneck\u00e9 dvojce bez kormideln\u00edka. B\u011bhem soust\u0159ed\u011bn\u00ed jsme na vod\u011b naveslovali spousty kilometr\u016f. Na kole jsme projeli cel\u00e9 T\u0159ebo\u0148sk\u00e9 okol\u00ed.<\/p>\n<p>61.mezin\u00e1rodn\u00ed regata v Litom\u011b\u0159ic\u00edch. Zde op\u011bt v\u00edt\u011bz\u00ed dvojka bez kormideln\u00edka dorostenc\u016f. Dorostenky v\u00edt\u011bz\u00ed na \u00a0nep\u00e1rov\u00e9 \u010dty\u0159ce, na dvojce bez, na dvojskifu ve spole\u010denstv\u00ed s Pardubicemi. Na skifu v\u00edt\u011bz\u00ed Petra Posp\u00ed\u0161ilov\u00e1. Nejcen\u011bj\u0161\u00edho v\u00edt\u011bzstv\u00ed dosahuje Martin Lacina ve skifu junior\u016f, kter\u00fd vyhr\u00e1v\u00e1 sobotn\u00ed rozj\u00ed\u017e\u010fku a ned\u011bln\u00ed fin\u00e1le.<\/p>\n<p>foto:<a href=\"http:\/\/vko1883.rajce.idnes.cz\/Leto_2015\/\">http:\/\/vko1883.rajce.idnes.cz\/Leto_2015\/<\/a><\/p>\n<p>foto:<a href=\"http:\/\/vko1883.rajce.idnes.cz\/Litomerice_2015\/\">http:\/\/vko1883.rajce.idnes.cz\/Litomerice_2015\/<\/a><\/p>\n","protected":false},"excerpt":{"rendered":"<p>Na konci pr\u00e1zdnin se konaly dv\u011b regaty. T\u0159ebo\u0148skou regatou je zakon\u010deno lounsk\u00e9 soust\u0159ed\u011bn\u00ed na rybn\u00edku Sv\u011bt. Zde se poda\u0159ilo zv\u00edt\u011bzit dorosteneck\u00e9 dvojce bez kormideln\u00edka. B\u011bhem soust\u0159ed\u011bn\u00ed jsme na vod\u011b naveslovali spousty kilometr\u016f. Na kole jsme<a class=\"read-more\" href=\"http:\/\/www.vko.cz\/VKOweb\/trebonska-regata-a-61-mezinarodni-regata-v-litomericich\/\">\u010d\u00edst d\u00e1le..<\/a><\/p>\n","protected":false},"author":5,"featured_media":0,"comment_status":"open","ping_status":"closed","sticky":false,"template":"","format":"standard","meta":{"footnotes":""},"categories":[5],"tags":[],"_links":{"self":[{"href":"http:\/\/www.vko.cz\/VKOweb\/wp-json\/wp\/v2\/posts\/1268"}],"collection":[{"href":"http:\/\/www.vko.cz\/VKOweb\/wp-json\/wp\/v2\/posts"}],"about":[{"href":"http:\/\/www.vko.cz\/VKOweb\/wp-json\/wp\/v2\/types\/post"}],"author":[{"embeddable":true,"href":"http:\/\/www.vko.cz\/VKOweb\/wp-json\/wp\/v2\/users\/5"}],"replies":[{"embeddable":true,"href":"http:\/\/www.vko.cz\/VKOweb\/wp-json\/wp\/v2\/comments?post=1268"}],"version-history":[{"count":4,"href":"http:\/\/www.vko.cz\/VKOweb\/wp-json\/wp\/v2\/posts\/1268\/revisions"}],"predecessor-version":[{"id":1272,"href":"http:\/\/www.vko.cz\/VKOweb\/wp-json\/wp\/v2\/posts\/1268\/revisions\/1272"}],"wp:attachment":[{"href":"http:\/\/www.vko.cz\/VKOweb\/wp-json\/wp\/v2\/media?parent=1268"}],"wp:term":[{"taxonomy":"category","embeddable":true,"href":"http:\/\/www.vko.cz\/VKOweb\/wp-json\/wp\/v2\/categories?post=1268"},{"taxonomy":"post_tag","embeddable":true,"href":"http:\/\/www.vko.cz\/VKOweb\/wp-json\/wp\/v2\/tags?post=1268"}],"curies":[{"name":"wp","href":"https:\/\/api.w.org\/{rel}","templated":true}]}}