{"id":1253,"date":"2015-06-28T23:45:33","date_gmt":"2015-06-29T05:45:33","guid":{"rendered":"http:\/\/www.vko.cz\/VKOweb\/?p=1253"},"modified":"2015-06-28T23:48:46","modified_gmt":"2015-06-29T05:48:46","slug":"mistrovstvi-republiky-2015","status":"publish","type":"post","link":"http:\/\/www.vko.cz\/VKOweb\/mistrovstvi-republiky-2015\/","title":{"rendered":"Mistrovstv\u00ed republiky 2015"},"content":{"rendered":"<p>26.6.-28.6. se v Ra\u010dic\u00edch konalo MISTROVSTV\u00cd REPUBLIKY 2015. V p\u00e1tek a sobotu se bojovalo o ned\u011bln\u00ed \u00fa\u010dast ve fin\u00e1le. Ned\u011bln\u00ed fin\u00e1lov\u00e9 j\u00edzdy zah\u00e1jila \u00fasp\u011b\u0161n\u011b Petra Posp\u00ed\u0161ilov\u00e1. Druh\u00fdm m\u00edstem ve fin\u00e1le B vybojovala celkov\u011b osm\u00e9 m\u00edsto. Dvojka bez kormideln\u00edka Ivana Ka\u0161kov\u00e1 a B\u00e1ra Tr\u00e1vn\u00ed\u010dkov\u00e1 obsadily \u0161est\u00e9 m\u00edsto. Dorostenky B\u00e1ra Jandov\u00e1, Ivana Ka\u0161kov\u00e1, Hana Lavi\u010dkov\u00e1 a B\u00e1ra Tr\u00e1vn\u00ed\u010dkov\u00e1 jely dv\u011b \u010dty\u0159ky bez kormideln\u00edka. Na p\u00e1rov\u00e9 \u010dty\u0159ce doveslovaly na p\u00e1t\u00e9m m\u00edst\u011b a na nep\u00e1rov\u00e9 obsadily nepopul\u00e1rn\u00ed \u010dtvrt\u00e9 m\u00edsto. P\u0159esto pat\u0159\u00ed v\u0161em velk\u00e1 gratulace za p\u0159edveden\u00e9 v\u00fdkony. Dorostenci Petr Bl\u00e1ha, Honza Le\u0161ko a David Neumann jeli ve spole\u010denstv\u00ed s M\u011bln\u00edkem a Lysou nad Labem osmu. V kr\u00e1lovsk\u00e9 discipl\u00edn\u011b skon\u010dili tak\u00e9 na \u010dtvrt\u00e9m m\u00edst\u011b. Medaile se poda\u0159ila vybojovat dvojce bez kormideln\u00edka Petra Bl\u00e1ha a Honza Le\u0161ko. Kluci dojeli na kr\u00e1sn\u00e9m druh\u00e9m m\u00edst\u011b a tak\u00e9 v\u0161em dorostenc\u016fm pat\u0159\u00ed velk\u00e9 pod\u011bkovan\u00ed za kr\u00e1sn\u00e9 z\u00e1vody a v\u00fdsledky. <a href=\"http:\/\/vko1883.rajce.idnes.cz\/MCR_2015\/\">http:\/\/vko1883.rajce.idnes.cz\/MCR_2015\/<\/a><\/p>\n","protected":false},"excerpt":{"rendered":"<p>26.6.-28.6. se v Ra\u010dic\u00edch konalo MISTROVSTV\u00cd REPUBLIKY 2015. V p\u00e1tek a sobotu se bojovalo o ned\u011bln\u00ed \u00fa\u010dast ve fin\u00e1le. Ned\u011bln\u00ed fin\u00e1lov\u00e9 j\u00edzdy zah\u00e1jila \u00fasp\u011b\u0161n\u011b Petra Posp\u00ed\u0161ilov\u00e1. Druh\u00fdm m\u00edstem ve fin\u00e1le B vybojovala celkov\u011b osm\u00e9 m\u00edsto.<a class=\"read-more\" href=\"http:\/\/www.vko.cz\/VKOweb\/mistrovstvi-republiky-2015\/\">\u010d\u00edst d\u00e1le..<\/a><\/p>\n","protected":false},"author":5,"featured_media":0,"comment_status":"open","ping_status":"closed","sticky":false,"template":"","format":"standard","meta":{"footnotes":""},"categories":[5],"tags":[],"_links":{"self":[{"href":"http:\/\/www.vko.cz\/VKOweb\/wp-json\/wp\/v2\/posts\/1253"}],"collection":[{"href":"http:\/\/www.vko.cz\/VKOweb\/wp-json\/wp\/v2\/posts"}],"about":[{"href":"http:\/\/www.vko.cz\/VKOweb\/wp-json\/wp\/v2\/types\/post"}],"author":[{"embeddable":true,"href":"http:\/\/www.vko.cz\/VKOweb\/wp-json\/wp\/v2\/users\/5"}],"replies":[{"embeddable":true,"href":"http:\/\/www.vko.cz\/VKOweb\/wp-json\/wp\/v2\/comments?post=1253"}],"version-history":[{"count":2,"href":"http:\/\/www.vko.cz\/VKOweb\/wp-json\/wp\/v2\/posts\/1253\/revisions"}],"predecessor-version":[{"id":1255,"href":"http:\/\/www.vko.cz\/VKOweb\/wp-json\/wp\/v2\/posts\/1253\/revisions\/1255"}],"wp:attachment":[{"href":"http:\/\/www.vko.cz\/VKOweb\/wp-json\/wp\/v2\/media?parent=1253"}],"wp:term":[{"taxonomy":"category","embeddable":true,"href":"http:\/\/www.vko.cz\/VKOweb\/wp-json\/wp\/v2\/categories?post=1253"},{"taxonomy":"post_tag","embeddable":true,"href":"http:\/\/www.vko.cz\/VKOweb\/wp-json\/wp\/v2\/tags?post=1253"}],"curies":[{"name":"wp","href":"https:\/\/api.w.org\/{rel}","templated":true}]}}