{"id":1251,"date":"2015-06-15T04:34:08","date_gmt":"2015-06-15T10:34:08","guid":{"rendered":"http:\/\/www.vko.cz\/VKOweb\/?p=1251"},"modified":"2015-06-15T04:34:08","modified_gmt":"2015-06-15T10:34:08","slug":"mistrovstvi-labe-2015","status":"publish","type":"post","link":"http:\/\/www.vko.cz\/VKOweb\/mistrovstvi-labe-2015\/","title":{"rendered":"Mistrovstv\u00ed Labe 2015"},"content":{"rendered":"<p>13-14.6. se jelo v Ra\u010dic\u00edch region\u00e1ln\u00ed Mistrovstv\u00ed Labe. Ve velk\u00e9 konkurenci v\u0161ech labsk\u00fdch odd\u00edl\u016f se bojovalo o postup na Mistrovstv\u00ed republiky. V \u017eactvu postoupili mezi nejlep\u0161\u00ed vesla\u0159e Zbyn\u011bk Firstl, M\u00ed\u0161a Kom\u016frkov\u00e1 a Veronika Bl\u00e1hov\u00e1. Dorostenc\u016fm a dorostenk\u00e1m se vedlo v\u00fdborn\u011b. Prvn\u00ed m\u00edsto vyveslovala Petra Posp\u00ed\u0161ilov\u00e1 na dvojksifu ve spole\u010denstv\u00ed s m\u011blnickou vesla\u0159kou. Ostatn\u00ed dorostenky doplatily na p\u0159estup nejlep\u0161\u00edch vesla\u0159ek z pra\u017esk\u00e9ho Sm\u00edchova do severo\u010desk\u00fdch Boletic. Holk\u00e1m se povedlo z\u00edskat dvakr\u00e1t druh\u00e9 m\u00edsto a jednou t\u0159et\u00ed. Poka\u017ed\u00e9 je porazily pouze Pra\u017esk\u00e9 &#8222;Boletice&#8220;. Dorostenci z\u00edskali dva tituly mistr\u016f Labe jednou na \u010dty\u0159ce bez kormideln\u00edka a pak na osm\u011b. Ob\u011b pos\u00e1dky jely ve spole\u010denstv\u00ed s M\u011bln\u00edkem. Mistr Labe se stal tak\u00e9 Martin Lacina, kter\u00fd vesloval na p\u00e1rov\u00e9 \u010dty\u0159ce junior\u016f. Op\u011bt jsou to nad\u011bjn\u00e9 v\u00fdsledky a nezb\u00fdv\u00e1 ne\u017e pop\u0159\u00e1t mnoho \u00fasp\u011bch\u016f na bl\u00ed\u017e\u00edc\u00edm se Mistrovstv\u00ed republiky.<\/p>\n<p><a href=\"http:\/\/vko1883.rajce.idnes.cz\/Mistrovstvi_Labe_2015\/\">http:\/\/vko1883.rajce.idnes.cz\/Mistrovstvi_Labe_2015\/<\/a><\/p>\n","protected":false},"excerpt":{"rendered":"<p>13-14.6. se jelo v Ra\u010dic\u00edch region\u00e1ln\u00ed Mistrovstv\u00ed Labe. Ve velk\u00e9 konkurenci v\u0161ech labsk\u00fdch odd\u00edl\u016f se bojovalo o postup na Mistrovstv\u00ed republiky. V \u017eactvu postoupili mezi nejlep\u0161\u00ed vesla\u0159e Zbyn\u011bk Firstl, M\u00ed\u0161a Kom\u016frkov\u00e1 a Veronika Bl\u00e1hov\u00e1. Dorostenc\u016fm<a class=\"read-more\" href=\"http:\/\/www.vko.cz\/VKOweb\/mistrovstvi-labe-2015\/\">\u010d\u00edst d\u00e1le..<\/a><\/p>\n","protected":false},"author":5,"featured_media":0,"comment_status":"open","ping_status":"closed","sticky":false,"template":"","format":"standard","meta":{"footnotes":""},"categories":[5],"tags":[],"_links":{"self":[{"href":"http:\/\/www.vko.cz\/VKOweb\/wp-json\/wp\/v2\/posts\/1251"}],"collection":[{"href":"http:\/\/www.vko.cz\/VKOweb\/wp-json\/wp\/v2\/posts"}],"about":[{"href":"http:\/\/www.vko.cz\/VKOweb\/wp-json\/wp\/v2\/types\/post"}],"author":[{"embeddable":true,"href":"http:\/\/www.vko.cz\/VKOweb\/wp-json\/wp\/v2\/users\/5"}],"replies":[{"embeddable":true,"href":"http:\/\/www.vko.cz\/VKOweb\/wp-json\/wp\/v2\/comments?post=1251"}],"version-history":[{"count":1,"href":"http:\/\/www.vko.cz\/VKOweb\/wp-json\/wp\/v2\/posts\/1251\/revisions"}],"predecessor-version":[{"id":1252,"href":"http:\/\/www.vko.cz\/VKOweb\/wp-json\/wp\/v2\/posts\/1251\/revisions\/1252"}],"wp:attachment":[{"href":"http:\/\/www.vko.cz\/VKOweb\/wp-json\/wp\/v2\/media?parent=1251"}],"wp:term":[{"taxonomy":"category","embeddable":true,"href":"http:\/\/www.vko.cz\/VKOweb\/wp-json\/wp\/v2\/categories?post=1251"},{"taxonomy":"post_tag","embeddable":true,"href":"http:\/\/www.vko.cz\/VKOweb\/wp-json\/wp\/v2\/tags?post=1251"}],"curies":[{"name":"wp","href":"https:\/\/api.w.org\/{rel}","templated":true}]}}