{"id":1244,"date":"2015-06-07T12:39:15","date_gmt":"2015-06-07T18:39:15","guid":{"rendered":"http:\/\/www.vko.cz\/VKOweb\/?p=1244"},"modified":"2015-06-07T23:08:06","modified_gmt":"2015-06-08T05:08:06","slug":"olympic-hopes-regatta-2015","status":"publish","type":"post","link":"http:\/\/www.vko.cz\/VKOweb\/olympic-hopes-regatta-2015\/","title":{"rendered":"Olympic Hopes regatta 2015"},"content":{"rendered":"<p>5.6.2015 se do Ma\u010farsk\u00e9ho Velence sjely reprezenta\u010dn\u00ed pos\u00e1dky ze \u010dty\u0159 st\u00e1t\u016f. Polska,Slovenska,Ma\u010farska a \u010cesk\u00e9 republiky. Na \u010dty\u0159ce bez kormideln\u00edka veslovali dva loun\u0161t\u00ed odchovanci Petr Bl\u00e1ha a Honza Le\u0161ko. Spole\u010dn\u011b s m\u011blnick\u00fdmi vesla\u0159i Luk\u00e1\u0161em Laubem a \u0160t\u011bp\u00e1nem Kellerem zv\u00edt\u011bzili a p\u0159isp\u011bli t\u00edm i k celkov\u00e9mu v\u00edt\u011bzstv\u00ed \u010cesk\u00e9 republiky. <a href=\"http:\/\/vko1883.rajce.idnes.cz\/CEFTA_2015\/\">http:\/\/vko1883.rajce.idnes.cz\/CEFTA_2015\/<\/a><\/p>\n","protected":false},"excerpt":{"rendered":"<p>5.6.2015 se do Ma\u010farsk\u00e9ho Velence sjely reprezenta\u010dn\u00ed pos\u00e1dky ze \u010dty\u0159 st\u00e1t\u016f. Polska,Slovenska,Ma\u010farska a \u010cesk\u00e9 republiky. Na \u010dty\u0159ce bez kormideln\u00edka veslovali dva loun\u0161t\u00ed odchovanci Petr Bl\u00e1ha a Honza Le\u0161ko. Spole\u010dn\u011b s m\u011blnick\u00fdmi vesla\u0159i Luk\u00e1\u0161em Laubem a<a class=\"read-more\" href=\"http:\/\/www.vko.cz\/VKOweb\/olympic-hopes-regatta-2015\/\">\u010d\u00edst d\u00e1le..<\/a><\/p>\n","protected":false},"author":5,"featured_media":0,"comment_status":"open","ping_status":"closed","sticky":false,"template":"","format":"standard","meta":{"footnotes":""},"categories":[5],"tags":[],"_links":{"self":[{"href":"http:\/\/www.vko.cz\/VKOweb\/wp-json\/wp\/v2\/posts\/1244"}],"collection":[{"href":"http:\/\/www.vko.cz\/VKOweb\/wp-json\/wp\/v2\/posts"}],"about":[{"href":"http:\/\/www.vko.cz\/VKOweb\/wp-json\/wp\/v2\/types\/post"}],"author":[{"embeddable":true,"href":"http:\/\/www.vko.cz\/VKOweb\/wp-json\/wp\/v2\/users\/5"}],"replies":[{"embeddable":true,"href":"http:\/\/www.vko.cz\/VKOweb\/wp-json\/wp\/v2\/comments?post=1244"}],"version-history":[{"count":3,"href":"http:\/\/www.vko.cz\/VKOweb\/wp-json\/wp\/v2\/posts\/1244\/revisions"}],"predecessor-version":[{"id":1248,"href":"http:\/\/www.vko.cz\/VKOweb\/wp-json\/wp\/v2\/posts\/1244\/revisions\/1248"}],"wp:attachment":[{"href":"http:\/\/www.vko.cz\/VKOweb\/wp-json\/wp\/v2\/media?parent=1244"}],"wp:term":[{"taxonomy":"category","embeddable":true,"href":"http:\/\/www.vko.cz\/VKOweb\/wp-json\/wp\/v2\/categories?post=1244"},{"taxonomy":"post_tag","embeddable":true,"href":"http:\/\/www.vko.cz\/VKOweb\/wp-json\/wp\/v2\/tags?post=1244"}],"curies":[{"name":"wp","href":"https:\/\/api.w.org\/{rel}","templated":true}]}}