{"id":1241,"date":"2015-05-31T23:51:10","date_gmt":"2015-06-01T05:51:10","guid":{"rendered":"http:\/\/www.vko.cz\/VKOweb\/?p=1241"},"modified":"2015-05-31T23:51:10","modified_gmt":"2015-06-01T05:51:10","slug":"lysa-nad-labem-3","status":"publish","type":"post","link":"http:\/\/www.vko.cz\/VKOweb\/lysa-nad-labem-3\/","title":{"rendered":"Lys\u00e1 nad Labem"},"content":{"rendered":"<p>Posledn\u00ed kv\u011btnov\u00fd v\u00edkend se tradi\u010dn\u011b kon\u00e1 v Lys\u00e9 nad Labem vesla\u0159sk\u00e1 regata. Lounsk\u00e1 v\u00fdprava si vedla v\u00fdborn\u011b. P\u0159ivezli jsme si jeden\u00e1ct prvn\u00edch m\u00edst. Dorostenky (B\u00e1ra J, B\u00e1ra T,Petra P,\u00a0Ivana K a Hana L.)\u00a0zcela ovl\u00e1dly svoji kategorii a ve v\u0161ech discipl\u00edn\u00e1ch zv\u00edt\u011bzily. Celkem holky vyhr\u00e1ly \u0161estkr\u00e1t.\u00a0Lounsk\u00e9 barvy jsou na prvn\u00edch m\u00edstech i v mu\u017e\u00edch. Honzov\u00e9 Lacina a Ku\u010dera v\u00edt\u011bz\u00ed hned t\u0159ikr\u00e1t na skifech, spole\u010dn\u011b na dvojskifu a ve spole\u010denstv\u00ed s \u00dast\u00edm tak\u00e9 na p\u00e1rov\u00e9 \u010dty\u0159ce. Martin Lacina spole\u010dn\u011b s ostar\u0161en\u00fdm dorostencem Davidem Neumannem v\u00edt\u011bz\u00ed na junirsk\u00e9\u00a0dvojce bez kormideln\u00edka. P\u0159ed bl\u00ed\u017e\u00edc\u00edm se mistrovstv\u00edm Labe velice nad\u011bjn\u00e9 v\u00fdsledky. Nezbejv\u00e1 ne\u017e blahop\u0159\u00e1t k jeden\u00e1cti v\u00edt\u011bzstv\u00edm a pop\u0159\u00e1t mnoho dal\u0161\u00edch sportovn\u00edch \u00fasp\u011bch\u016f.<\/p>\n<p><a href=\"http:\/\/vko1883.rajce.idnes.cz\/Lysa_nad_Labem_2015\/\">http:\/\/vko1883.rajce.idnes.cz\/Lysa_nad_Labem_2015\/<\/a><\/p>\n","protected":false},"excerpt":{"rendered":"<p>Posledn\u00ed kv\u011btnov\u00fd v\u00edkend se tradi\u010dn\u011b kon\u00e1 v Lys\u00e9 nad Labem vesla\u0159sk\u00e1 regata. Lounsk\u00e1 v\u00fdprava si vedla v\u00fdborn\u011b. P\u0159ivezli jsme si jeden\u00e1ct prvn\u00edch m\u00edst. Dorostenky (B\u00e1ra J, B\u00e1ra T,Petra P,\u00a0Ivana K a Hana L.)\u00a0zcela ovl\u00e1dly svoji<a class=\"read-more\" href=\"http:\/\/www.vko.cz\/VKOweb\/lysa-nad-labem-3\/\">\u010d\u00edst d\u00e1le..<\/a><\/p>\n","protected":false},"author":5,"featured_media":0,"comment_status":"open","ping_status":"closed","sticky":false,"template":"","format":"standard","meta":{"footnotes":""},"categories":[5],"tags":[],"_links":{"self":[{"href":"http:\/\/www.vko.cz\/VKOweb\/wp-json\/wp\/v2\/posts\/1241"}],"collection":[{"href":"http:\/\/www.vko.cz\/VKOweb\/wp-json\/wp\/v2\/posts"}],"about":[{"href":"http:\/\/www.vko.cz\/VKOweb\/wp-json\/wp\/v2\/types\/post"}],"author":[{"embeddable":true,"href":"http:\/\/www.vko.cz\/VKOweb\/wp-json\/wp\/v2\/users\/5"}],"replies":[{"embeddable":true,"href":"http:\/\/www.vko.cz\/VKOweb\/wp-json\/wp\/v2\/comments?post=1241"}],"version-history":[{"count":2,"href":"http:\/\/www.vko.cz\/VKOweb\/wp-json\/wp\/v2\/posts\/1241\/revisions"}],"predecessor-version":[{"id":1243,"href":"http:\/\/www.vko.cz\/VKOweb\/wp-json\/wp\/v2\/posts\/1241\/revisions\/1243"}],"wp:attachment":[{"href":"http:\/\/www.vko.cz\/VKOweb\/wp-json\/wp\/v2\/media?parent=1241"}],"wp:term":[{"taxonomy":"category","embeddable":true,"href":"http:\/\/www.vko.cz\/VKOweb\/wp-json\/wp\/v2\/categories?post=1241"},{"taxonomy":"post_tag","embeddable":true,"href":"http:\/\/www.vko.cz\/VKOweb\/wp-json\/wp\/v2\/tags?post=1241"}],"curies":[{"name":"wp","href":"https:\/\/api.w.org\/{rel}","templated":true}]}}