{"id":1234,"date":"2015-05-29T04:10:07","date_gmt":"2015-05-29T10:10:07","guid":{"rendered":"http:\/\/www.vko.cz\/VKOweb\/?p=1234"},"modified":"2015-05-29T04:12:32","modified_gmt":"2015-05-29T10:12:32","slug":"vzpominka-na-cleny-klubu-zavrazdene-a-umucene-v-dobe-nacisticke-okupace","status":"publish","type":"post","link":"http:\/\/www.vko.cz\/VKOweb\/vzpominka-na-cleny-klubu-zavrazdene-a-umucene-v-dobe-nacisticke-okupace\/","title":{"rendered":"Vzpom\u00ednka na \u010dleny klubu zavra\u017ed\u011bn\u00e9 a umu\u010den\u00e9 v dob\u011b nacistick\u00e9 okupace"},"content":{"rendered":"<p><a rel=\"attachment wp-att-1238\" href=\"http:\/\/www.vko.cz\/VKOweb\/vzpominka-na-cleny-klubu-zavrazdene-a-umucene-v-dobe-nacisticke-okupace\/pozvanka_2015-3\/\">Pozv\u00e1nka_2015<\/a><\/p>\n","protected":false},"excerpt":{"rendered":"<p>Pozv\u00e1nka_2015<\/p>\n","protected":false},"author":5,"featured_media":0,"comment_status":"open","ping_status":"closed","sticky":false,"template":"","format":"standard","meta":{"footnotes":""},"categories":[5],"tags":[],"_links":{"self":[{"href":"http:\/\/www.vko.cz\/VKOweb\/wp-json\/wp\/v2\/posts\/1234"}],"collection":[{"href":"http:\/\/www.vko.cz\/VKOweb\/wp-json\/wp\/v2\/posts"}],"about":[{"href":"http:\/\/www.vko.cz\/VKOweb\/wp-json\/wp\/v2\/types\/post"}],"author":[{"embeddable":true,"href":"http:\/\/www.vko.cz\/VKOweb\/wp-json\/wp\/v2\/users\/5"}],"replies":[{"embeddable":true,"href":"http:\/\/www.vko.cz\/VKOweb\/wp-json\/wp\/v2\/comments?post=1234"}],"version-history":[{"count":3,"href":"http:\/\/www.vko.cz\/VKOweb\/wp-json\/wp\/v2\/posts\/1234\/revisions"}],"predecessor-version":[{"id":1240,"href":"http:\/\/www.vko.cz\/VKOweb\/wp-json\/wp\/v2\/posts\/1234\/revisions\/1240"}],"wp:attachment":[{"href":"http:\/\/www.vko.cz\/VKOweb\/wp-json\/wp\/v2\/media?parent=1234"}],"wp:term":[{"taxonomy":"category","embeddable":true,"href":"http:\/\/www.vko.cz\/VKOweb\/wp-json\/wp\/v2\/categories?post=1234"},{"taxonomy":"post_tag","embeddable":true,"href":"http:\/\/www.vko.cz\/VKOweb\/wp-json\/wp\/v2\/tags?post=1234"}],"curies":[{"name":"wp","href":"https:\/\/api.w.org\/{rel}","templated":true}]}}