{"id":1230,"date":"2015-05-12T04:17:40","date_gmt":"2015-05-12T10:17:40","guid":{"rendered":"http:\/\/www.vko.cz\/VKOweb\/?p=1230"},"modified":"2015-05-12T04:41:28","modified_gmt":"2015-05-12T10:41:28","slug":"mnichov-a-usti","status":"publish","type":"post","link":"http:\/\/www.vko.cz\/VKOweb\/mnichov-a-usti\/","title":{"rendered":"Mnichov a \u00dast\u00ed"},"content":{"rendered":"<p>9 a 10. kv\u011btna se rozd\u011blil n\u00e1\u0161 klub na dva t\u00e1bory. Skupina dorostenc\u016f Bl\u00e1ha, Le\u0161ko, Neumann a z M\u011bln\u00edka \u0160t\u011bp\u00e1n Keller vyrazila do Mnichova na presti\u017en\u00ed juniorskou regatu otestovat svoj\u00ed v\u00fdkonnost. A kluci si nevedli v\u016fbec \u0161patn\u011b v konkurenci deseti \u010dty\u0159ek bez kormideln\u00edka obsadili p\u00e1t\u00e9 m\u00edsto. Druh\u00e1 skupina jela sb\u00edrat dal\u0161\u00ed v\u00edt\u011bzstv\u00ed na z\u00e1vody do \u00dast\u00ed nad Labem. Medaile si z krajsk\u00e9ho m\u011bsta odvezlo v\u0161ech p\u011bt dorostenk(Ivana K, B\u00e1ra T, B\u00e1ra J,Hana L a Petra P). Mezi mu\u017ei vyhr\u00e1l na skifu Jan Ku\u010dera a v juniorech v\u00edt\u011bz\u00ed na dvojskifu Martin Lacina, kter\u00fd z\u00e1vodil ve spole\u010denstv\u00ed s M\u011bln\u00edkem.<\/p>\n<p>foto z \u00dast\u00ed: <a href=\"http:\/\/vko1883.rajce.idnes.cz\/Usti_nad_Labem_2015\/\">http:\/\/vko1883.rajce.idnes.cz\/Usti_nad_Labem_2015\/<\/a><\/p>\n<p>foto Mnichov: <a href=\"http:\/\/vko1883.rajce.idnes.cz\/Mnichov_2015\/\">http:\/\/vko1883.rajce.idnes.cz\/Mnichov_2015\/<\/a><\/p>\n","protected":false},"excerpt":{"rendered":"<p>9 a 10. kv\u011btna se rozd\u011blil n\u00e1\u0161 klub na dva t\u00e1bory. Skupina dorostenc\u016f Bl\u00e1ha, Le\u0161ko, Neumann a z M\u011bln\u00edka \u0160t\u011bp\u00e1n Keller vyrazila do Mnichova na presti\u017en\u00ed juniorskou regatu otestovat svoj\u00ed v\u00fdkonnost. A kluci si nevedli<a class=\"read-more\" href=\"http:\/\/www.vko.cz\/VKOweb\/mnichov-a-usti\/\">\u010d\u00edst d\u00e1le..<\/a><\/p>\n","protected":false},"author":5,"featured_media":0,"comment_status":"open","ping_status":"closed","sticky":false,"template":"","format":"standard","meta":{"footnotes":""},"categories":[5],"tags":[],"_links":{"self":[{"href":"http:\/\/www.vko.cz\/VKOweb\/wp-json\/wp\/v2\/posts\/1230"}],"collection":[{"href":"http:\/\/www.vko.cz\/VKOweb\/wp-json\/wp\/v2\/posts"}],"about":[{"href":"http:\/\/www.vko.cz\/VKOweb\/wp-json\/wp\/v2\/types\/post"}],"author":[{"embeddable":true,"href":"http:\/\/www.vko.cz\/VKOweb\/wp-json\/wp\/v2\/users\/5"}],"replies":[{"embeddable":true,"href":"http:\/\/www.vko.cz\/VKOweb\/wp-json\/wp\/v2\/comments?post=1230"}],"version-history":[{"count":3,"href":"http:\/\/www.vko.cz\/VKOweb\/wp-json\/wp\/v2\/posts\/1230\/revisions"}],"predecessor-version":[{"id":1233,"href":"http:\/\/www.vko.cz\/VKOweb\/wp-json\/wp\/v2\/posts\/1230\/revisions\/1233"}],"wp:attachment":[{"href":"http:\/\/www.vko.cz\/VKOweb\/wp-json\/wp\/v2\/media?parent=1230"}],"wp:term":[{"taxonomy":"category","embeddable":true,"href":"http:\/\/www.vko.cz\/VKOweb\/wp-json\/wp\/v2\/categories?post=1230"},{"taxonomy":"post_tag","embeddable":true,"href":"http:\/\/www.vko.cz\/VKOweb\/wp-json\/wp\/v2\/tags?post=1230"}],"curies":[{"name":"wp","href":"https:\/\/api.w.org\/{rel}","templated":true}]}}