{"id":1222,"date":"2015-04-06T08:52:38","date_gmt":"2015-04-06T14:52:38","guid":{"rendered":"http:\/\/www.vko.cz\/VKOweb\/?p=1222"},"modified":"2015-04-06T08:52:38","modified_gmt":"2015-04-06T14:52:38","slug":"beh-na-cervenak-2015","status":"publish","type":"post","link":"http:\/\/www.vko.cz\/VKOweb\/beh-na-cervenak-2015\/","title":{"rendered":"B\u011bh na \u010cerve\u0148\u00e1k 2015"},"content":{"rendered":"<p>Honza Lacina obh\u00e1jil prvn\u00ed m\u00edsto z nult\u00e9ho ro\u010dn\u00edku v tra\u0165ov\u00e9m rekordu. T\u011bsn\u011b pod stupni v\u00edt\u011bz\u016f skon\u010dil jeho bratr Martin. Kategorii \u017een ovl\u00e1dla B\u00e1ra Jandov\u00e1 a na druh\u00e9m m\u00edst\u011b dob\u011bhla Sabina J\u00e1nsk\u00e1. V mlad\u0161\u00edch \u017e\u00e1kyn\u00edch vybojovala druh\u00e9 m\u00edsto Lucka \u0158imn\u00e1\u010dov\u00e1. Mezi nejmlad\u0161\u00edmi b\u011b\u017eci byli tak\u00e9 z\u00e1stupci VKO a vedli si v\u00fdborn\u011b t\u0159et\u00ed m\u00edsto ve sv\u00e9m ro\u010dn\u00edku 2005 vybojoval Mat\u011bj Macha\u010d t\u011bsn\u011b za n\u00edm \u0160imon Pelc a Honza Vorel. Ro\u010dn\u00edk 2006 Petr Volek 2.m\u00edsto.<\/p>\n","protected":false},"excerpt":{"rendered":"<p>Honza Lacina obh\u00e1jil prvn\u00ed m\u00edsto z nult\u00e9ho ro\u010dn\u00edku v tra\u0165ov\u00e9m rekordu. T\u011bsn\u011b pod stupni v\u00edt\u011bz\u016f skon\u010dil jeho bratr Martin. Kategorii \u017een ovl\u00e1dla B\u00e1ra Jandov\u00e1 a na druh\u00e9m m\u00edst\u011b dob\u011bhla Sabina J\u00e1nsk\u00e1. V mlad\u0161\u00edch \u017e\u00e1kyn\u00edch vybojovala<a class=\"read-more\" href=\"http:\/\/www.vko.cz\/VKOweb\/beh-na-cervenak-2015\/\">\u010d\u00edst d\u00e1le..<\/a><\/p>\n","protected":false},"author":5,"featured_media":0,"comment_status":"open","ping_status":"closed","sticky":false,"template":"","format":"standard","meta":{"footnotes":""},"categories":[5],"tags":[],"_links":{"self":[{"href":"http:\/\/www.vko.cz\/VKOweb\/wp-json\/wp\/v2\/posts\/1222"}],"collection":[{"href":"http:\/\/www.vko.cz\/VKOweb\/wp-json\/wp\/v2\/posts"}],"about":[{"href":"http:\/\/www.vko.cz\/VKOweb\/wp-json\/wp\/v2\/types\/post"}],"author":[{"embeddable":true,"href":"http:\/\/www.vko.cz\/VKOweb\/wp-json\/wp\/v2\/users\/5"}],"replies":[{"embeddable":true,"href":"http:\/\/www.vko.cz\/VKOweb\/wp-json\/wp\/v2\/comments?post=1222"}],"version-history":[{"count":1,"href":"http:\/\/www.vko.cz\/VKOweb\/wp-json\/wp\/v2\/posts\/1222\/revisions"}],"predecessor-version":[{"id":1223,"href":"http:\/\/www.vko.cz\/VKOweb\/wp-json\/wp\/v2\/posts\/1222\/revisions\/1223"}],"wp:attachment":[{"href":"http:\/\/www.vko.cz\/VKOweb\/wp-json\/wp\/v2\/media?parent=1222"}],"wp:term":[{"taxonomy":"category","embeddable":true,"href":"http:\/\/www.vko.cz\/VKOweb\/wp-json\/wp\/v2\/categories?post=1222"},{"taxonomy":"post_tag","embeddable":true,"href":"http:\/\/www.vko.cz\/VKOweb\/wp-json\/wp\/v2\/tags?post=1222"}],"curies":[{"name":"wp","href":"https:\/\/api.w.org\/{rel}","templated":true}]}}