{"id":1220,"date":"2015-04-06T08:34:52","date_gmt":"2015-04-06T14:34:52","guid":{"rendered":"http:\/\/www.vko.cz\/VKOweb\/?p=1220"},"modified":"2015-04-06T08:34:52","modified_gmt":"2015-04-06T14:34:52","slug":"mistrovstvi-republiky-na-dlouhe-draze-2015","status":"publish","type":"post","link":"http:\/\/www.vko.cz\/VKOweb\/mistrovstvi-republiky-na-dlouhe-draze-2015\/","title":{"rendered":"Mistrovstv\u00ed republiky na dlouh\u00e9 dr\u00e1ze 2015"},"content":{"rendered":"<p>4.4. se jel prvn\u00ed z\u00e1vod sez\u00f3ny 2015. Na Ho\u0159\u00ednsk\u00e9m kan\u00e1le se bojuje na 6.km trati o prvn\u00ed sb\u00edrku medail\u00ed z \u00a0Mistrovstv\u00ed republiky. Po \u0161estilet\u00e9 odmlce se poda\u0159ilo vybojovat titul mistra republiky dorosteneck\u00e9 dvojce bez kormideln\u00edka ve slo\u017een\u00ed Petr Bl\u00e1ha a Honza Le\u0161ko. Ani dal\u0161\u00ed lounsk\u00e9 pos\u00e1dky se v nejlep\u0161\u00ed konkurenci vesla\u0159\u016f z cel\u00e9 republiky neztratily. Osm\u00e9 dojely na dvojce Ivana Ka\u0161kov\u00e1 s B\u00e1rou Tr\u00e1vn\u00ed\u010dkovou. 14.m\u00edsto pat\u0159ilo dal\u0161\u00ed na\u0161\u00ed dvojce, kter\u00e1 jela poznat n\u00e1strahy \u0161estikilometrov\u00e9 trati \u00a0B\u00e1ra Jandov\u00e1 a Hana Lavi\u010dkov\u00e1. Petra Posp\u00ed\u0161ilov\u00e1 je tak\u00e9 dorostenka prvn\u00edm rokem a vedla si v\u00fdborn\u011b, dojela na kr\u00e1sn\u00e9m 14.m\u00edst\u011b. Mezi juniory startoval Martin Lacina takt\u00e9\u017e v t\u00e9to kategorii mlad\u0161\u00ed ro\u010dn\u00edk a dojel na 20.m\u00edst\u011b. Na start se je\u0161t\u011b postavili dva skifa\u0159i. \u00a0V dorostenc\u00edch David Neumann a v mu\u017e\u00edch lehk\u00e9 v\u00e1hy Honza Lacina. V\u0161em pos\u00e1dk\u00e1m pat\u0159\u00ed velk\u00e1 gratulace, proto\u017ee se p\u0159ipravit v na\u0161ich podm\u00ednk\u00e1ch na tento z\u00e1vod je velmi n\u00e1ro\u010dn\u00e9. Dal\u0161\u00ed z\u00e1vody u\u017e budou na klasick\u00fdch vzd\u00e1lenostech na kter\u00e9 se sn\u00e1ze m\u016f\u017eeme p\u0159ipravit.<\/p>\n","protected":false},"excerpt":{"rendered":"<p>4.4. se jel prvn\u00ed z\u00e1vod sez\u00f3ny 2015. Na Ho\u0159\u00ednsk\u00e9m kan\u00e1le se bojuje na 6.km trati o prvn\u00ed sb\u00edrku medail\u00ed z \u00a0Mistrovstv\u00ed republiky. Po \u0161estilet\u00e9 odmlce se poda\u0159ilo vybojovat titul mistra republiky dorosteneck\u00e9 dvojce bez kormideln\u00edka<a class=\"read-more\" href=\"http:\/\/www.vko.cz\/VKOweb\/mistrovstvi-republiky-na-dlouhe-draze-2015\/\">\u010d\u00edst d\u00e1le..<\/a><\/p>\n","protected":false},"author":5,"featured_media":0,"comment_status":"open","ping_status":"closed","sticky":false,"template":"","format":"standard","meta":{"footnotes":""},"categories":[5],"tags":[],"_links":{"self":[{"href":"http:\/\/www.vko.cz\/VKOweb\/wp-json\/wp\/v2\/posts\/1220"}],"collection":[{"href":"http:\/\/www.vko.cz\/VKOweb\/wp-json\/wp\/v2\/posts"}],"about":[{"href":"http:\/\/www.vko.cz\/VKOweb\/wp-json\/wp\/v2\/types\/post"}],"author":[{"embeddable":true,"href":"http:\/\/www.vko.cz\/VKOweb\/wp-json\/wp\/v2\/users\/5"}],"replies":[{"embeddable":true,"href":"http:\/\/www.vko.cz\/VKOweb\/wp-json\/wp\/v2\/comments?post=1220"}],"version-history":[{"count":1,"href":"http:\/\/www.vko.cz\/VKOweb\/wp-json\/wp\/v2\/posts\/1220\/revisions"}],"predecessor-version":[{"id":1221,"href":"http:\/\/www.vko.cz\/VKOweb\/wp-json\/wp\/v2\/posts\/1220\/revisions\/1221"}],"wp:attachment":[{"href":"http:\/\/www.vko.cz\/VKOweb\/wp-json\/wp\/v2\/media?parent=1220"}],"wp:term":[{"taxonomy":"category","embeddable":true,"href":"http:\/\/www.vko.cz\/VKOweb\/wp-json\/wp\/v2\/categories?post=1220"},{"taxonomy":"post_tag","embeddable":true,"href":"http:\/\/www.vko.cz\/VKOweb\/wp-json\/wp\/v2\/tags?post=1220"}],"curies":[{"name":"wp","href":"https:\/\/api.w.org\/{rel}","templated":true}]}}