{"id":1184,"date":"2015-03-03T02:19:12","date_gmt":"2015-03-03T08:19:12","guid":{"rendered":"http:\/\/www.vko.cz\/VKOweb\/?p=1184"},"modified":"2015-03-03T02:19:12","modified_gmt":"2015-03-03T08:19:12","slug":"soustredeni-v-jizerkach","status":"publish","type":"post","link":"http:\/\/www.vko.cz\/VKOweb\/soustredeni-v-jizerkach\/","title":{"rendered":"Soust\u0159ed\u011bn\u00ed v Jizerk\u00e1ch"},"content":{"rendered":"<p>p\u00e1r fotek z kurz\u00e1ku \ud83d\ude42<\/p>\n<p><a href=\"http:\/\/vko1883.rajce.idnes.cz\/Barborka_ll_2015\/#\">http:\/\/vko1883.rajce.idnes.cz\/Barborka_ll_2015\/#<\/a><\/p>\n","protected":false},"excerpt":{"rendered":"<p>p\u00e1r fotek z kurz\u00e1ku \ud83d\ude42 http:\/\/vko1883.rajce.idnes.cz\/Barborka_ll_2015\/#<\/p>\n","protected":false},"author":5,"featured_media":0,"comment_status":"open","ping_status":"closed","sticky":false,"template":"","format":"standard","meta":{"footnotes":""},"categories":[5],"tags":[],"_links":{"self":[{"href":"http:\/\/www.vko.cz\/VKOweb\/wp-json\/wp\/v2\/posts\/1184"}],"collection":[{"href":"http:\/\/www.vko.cz\/VKOweb\/wp-json\/wp\/v2\/posts"}],"about":[{"href":"http:\/\/www.vko.cz\/VKOweb\/wp-json\/wp\/v2\/types\/post"}],"author":[{"embeddable":true,"href":"http:\/\/www.vko.cz\/VKOweb\/wp-json\/wp\/v2\/users\/5"}],"replies":[{"embeddable":true,"href":"http:\/\/www.vko.cz\/VKOweb\/wp-json\/wp\/v2\/comments?post=1184"}],"version-history":[{"count":1,"href":"http:\/\/www.vko.cz\/VKOweb\/wp-json\/wp\/v2\/posts\/1184\/revisions"}],"predecessor-version":[{"id":1185,"href":"http:\/\/www.vko.cz\/VKOweb\/wp-json\/wp\/v2\/posts\/1184\/revisions\/1185"}],"wp:attachment":[{"href":"http:\/\/www.vko.cz\/VKOweb\/wp-json\/wp\/v2\/media?parent=1184"}],"wp:term":[{"taxonomy":"category","embeddable":true,"href":"http:\/\/www.vko.cz\/VKOweb\/wp-json\/wp\/v2\/categories?post=1184"},{"taxonomy":"post_tag","embeddable":true,"href":"http:\/\/www.vko.cz\/VKOweb\/wp-json\/wp\/v2\/tags?post=1184"}],"curies":[{"name":"wp","href":"https:\/\/api.w.org\/{rel}","templated":true}]}}