{"id":1178,"date":"2015-02-12T03:11:09","date_gmt":"2015-02-12T09:11:09","guid":{"rendered":"http:\/\/www.vko.cz\/VKOweb\/?p=1178"},"modified":"2015-02-12T03:13:27","modified_gmt":"2015-02-12T09:13:27","slug":"sportovec-okresu-2014","status":"publish","type":"post","link":"http:\/\/www.vko.cz\/VKOweb\/sportovec-okresu-2014\/","title":{"rendered":"Sportovec okresu 2014"},"content":{"rendered":"<p>11.2. 2015 prob\u011bhlo v Lounsk\u00e9m divadle vyhl\u00e1\u0161en\u00ed nejlep\u0161\u00edho sportovce okresu 2014.Mezi jednotlivci se prosadil Martin Lacina na kr\u00e1sn\u00e9 p\u00e1t\u00e9 m\u00edsto a kolektiv ml\u00e1de\u017ee obsadil t\u0159et\u00ed m\u00edsto.<\/p>\n<p><a href=\"http:\/\/vko1883.rajce.idnes.cz\/Sportovec_okresu_2014\/\">http:\/\/vko1883.rajce.idnes.cz\/Sportovec_okresu_2014\/<\/a><\/p>\n","protected":false},"excerpt":{"rendered":"<p>11.2. 2015 prob\u011bhlo v Lounsk\u00e9m divadle vyhl\u00e1\u0161en\u00ed nejlep\u0161\u00edho sportovce okresu 2014.Mezi jednotlivci se prosadil Martin Lacina na kr\u00e1sn\u00e9 p\u00e1t\u00e9 m\u00edsto a kolektiv ml\u00e1de\u017ee obsadil t\u0159et\u00ed m\u00edsto. http:\/\/vko1883.rajce.idnes.cz\/Sportovec_okresu_2014\/<\/p>\n","protected":false},"author":5,"featured_media":0,"comment_status":"open","ping_status":"closed","sticky":false,"template":"","format":"standard","meta":{"footnotes":""},"categories":[5],"tags":[],"_links":{"self":[{"href":"http:\/\/www.vko.cz\/VKOweb\/wp-json\/wp\/v2\/posts\/1178"}],"collection":[{"href":"http:\/\/www.vko.cz\/VKOweb\/wp-json\/wp\/v2\/posts"}],"about":[{"href":"http:\/\/www.vko.cz\/VKOweb\/wp-json\/wp\/v2\/types\/post"}],"author":[{"embeddable":true,"href":"http:\/\/www.vko.cz\/VKOweb\/wp-json\/wp\/v2\/users\/5"}],"replies":[{"embeddable":true,"href":"http:\/\/www.vko.cz\/VKOweb\/wp-json\/wp\/v2\/comments?post=1178"}],"version-history":[{"count":3,"href":"http:\/\/www.vko.cz\/VKOweb\/wp-json\/wp\/v2\/posts\/1178\/revisions"}],"predecessor-version":[{"id":1181,"href":"http:\/\/www.vko.cz\/VKOweb\/wp-json\/wp\/v2\/posts\/1178\/revisions\/1181"}],"wp:attachment":[{"href":"http:\/\/www.vko.cz\/VKOweb\/wp-json\/wp\/v2\/media?parent=1178"}],"wp:term":[{"taxonomy":"category","embeddable":true,"href":"http:\/\/www.vko.cz\/VKOweb\/wp-json\/wp\/v2\/categories?post=1178"},{"taxonomy":"post_tag","embeddable":true,"href":"http:\/\/www.vko.cz\/VKOweb\/wp-json\/wp\/v2\/tags?post=1178"}],"curies":[{"name":"wp","href":"https:\/\/api.w.org\/{rel}","templated":true}]}}