{"id":1173,"date":"2015-02-02T01:44:52","date_gmt":"2015-02-02T07:44:52","guid":{"rendered":"http:\/\/www.vko.cz\/VKOweb\/?p=1173"},"modified":"2015-02-02T01:48:05","modified_gmt":"2015-02-02T07:48:05","slug":"cesky-pohar-na-trenazerech-decin-2015","status":"publish","type":"post","link":"http:\/\/www.vko.cz\/VKOweb\/cesky-pohar-na-trenazerech-decin-2015\/","title":{"rendered":"\u010cesk\u00fd poh\u00e1r na trena\u017e\u00e9rech D\u011b\u010d\u00edn 2015"},"content":{"rendered":"<p>31.1. se jelo v D\u011b\u010d\u00edn\u011b posledn\u00ed kolo \u010cesk\u00e9ho poh\u00e1ru. V\u00fdborn\u011b si vedly na\u0161e dorostenky. Hana Lavi\u010dkov\u00e1 dojela na t\u0159et\u00edm m\u00edst\u011b. Celkov\u011b v poh\u00e1ru skon\u010dila na 6.m\u00edst\u011b. Na 5.m\u00edst\u011b v \u010cP skon\u010dila Petra Posp\u00ed\u0161ilov\u00e1 a na 9.m\u00edst\u011b se um\u00edstila dal\u0161\u00ed Lounsk\u00e1 vesla\u0159ka B\u00e1ra Jandov\u00e1. Z dorostenc\u016f byl nejlep\u0161\u00ed Honza Le\u0161ko, kter\u00fd dojel na 7.m\u00edst\u011b a v poh\u00e1ru se um\u00edstil na 4.m\u00edst\u011b. V juniorsk\u00e9 kategorii n\u00e1s reprezentoval Martin Lacina, kter\u00fd p\u0159emohl velkou \u00fanavu ze zimn\u00ed p\u0159\u00edpravy a dojel do c\u00edle na 13. m\u00edst\u011b. \u00a0Martinovi v\u00fdsledky sta\u010dily v \u010cP celkov\u011b na 7.m\u00edsto. Vyjmenovan\u00ed vesla\u0159i se nominovali na Mistrovstv\u00ed republiky do Olomouce kde se poperou a zlep\u0161en\u00ed sv\u00fdch osobn\u00edch \u010das\u016f a o medaile. V D\u011b\u010d\u00edn\u011b se je\u0161t\u011b jel vlo\u017een\u00fd z\u00e1vod \u017eactva kde n\u00e1s pot\u011b\u0161ila M\u00ed\u0161a Kom\u016frkov\u00e1 t\u0159et\u00edm m\u00edstem. \u00a0<a href=\"http:\/\/vko1883.rajce.idnes.cz\/Decin_2015\/\">http:\/\/vko1883.rajce.idnes.cz\/Decin_2015\/<\/a><\/p>\n","protected":false},"excerpt":{"rendered":"<p>31.1. se jelo v D\u011b\u010d\u00edn\u011b posledn\u00ed kolo \u010cesk\u00e9ho poh\u00e1ru. V\u00fdborn\u011b si vedly na\u0161e dorostenky. Hana Lavi\u010dkov\u00e1 dojela na t\u0159et\u00edm m\u00edst\u011b. Celkov\u011b v poh\u00e1ru skon\u010dila na 6.m\u00edst\u011b. Na 5.m\u00edst\u011b v \u010cP skon\u010dila Petra Posp\u00ed\u0161ilov\u00e1 a na<a class=\"read-more\" href=\"http:\/\/www.vko.cz\/VKOweb\/cesky-pohar-na-trenazerech-decin-2015\/\">\u010d\u00edst d\u00e1le..<\/a><\/p>\n","protected":false},"author":5,"featured_media":0,"comment_status":"open","ping_status":"closed","sticky":false,"template":"","format":"standard","meta":{"footnotes":""},"categories":[5],"tags":[],"_links":{"self":[{"href":"http:\/\/www.vko.cz\/VKOweb\/wp-json\/wp\/v2\/posts\/1173"}],"collection":[{"href":"http:\/\/www.vko.cz\/VKOweb\/wp-json\/wp\/v2\/posts"}],"about":[{"href":"http:\/\/www.vko.cz\/VKOweb\/wp-json\/wp\/v2\/types\/post"}],"author":[{"embeddable":true,"href":"http:\/\/www.vko.cz\/VKOweb\/wp-json\/wp\/v2\/users\/5"}],"replies":[{"embeddable":true,"href":"http:\/\/www.vko.cz\/VKOweb\/wp-json\/wp\/v2\/comments?post=1173"}],"version-history":[{"count":2,"href":"http:\/\/www.vko.cz\/VKOweb\/wp-json\/wp\/v2\/posts\/1173\/revisions"}],"predecessor-version":[{"id":1175,"href":"http:\/\/www.vko.cz\/VKOweb\/wp-json\/wp\/v2\/posts\/1173\/revisions\/1175"}],"wp:attachment":[{"href":"http:\/\/www.vko.cz\/VKOweb\/wp-json\/wp\/v2\/media?parent=1173"}],"wp:term":[{"taxonomy":"category","embeddable":true,"href":"http:\/\/www.vko.cz\/VKOweb\/wp-json\/wp\/v2\/categories?post=1173"},{"taxonomy":"post_tag","embeddable":true,"href":"http:\/\/www.vko.cz\/VKOweb\/wp-json\/wp\/v2\/tags?post=1173"}],"curies":[{"name":"wp","href":"https:\/\/api.w.org\/{rel}","templated":true}]}}