{"id":1099,"date":"2014-09-29T02:17:25","date_gmt":"2014-09-29T08:17:25","guid":{"rendered":"http:\/\/www.vko.cz\/VKOweb\/?p=1099"},"modified":"2014-09-30T04:04:14","modified_gmt":"2014-09-30T10:04:14","slug":"mistrovsky-vikend-v-racicich","status":"publish","type":"post","link":"http:\/\/www.vko.cz\/VKOweb\/mistrovsky-vikend-v-racicich\/","title":{"rendered":"Mistrovsk\u00fd v\u00edkend v Ra\u010dic\u00edch"},"content":{"rendered":"<p>V p\u00e1tek 26.9\u00a0prob\u00edhalo v Ra\u010dic\u00edch Mistrovstv\u00ed republiky ve sprintech. Lounsk\u00fdm vesla\u0159\u016fm se da\u0159ilo nav\u00e1zat na p\u0159ede\u0161l\u00e9 \u00fasp\u011bchy. Martin Lacina dovesloval na skifu na druh\u00e9m m\u00edst\u011b, dvojka bez kormideln\u00edka Bl\u00e1ha,Le\u0161ko na t\u0159et\u00edm m\u00edst\u011b. T\u0159et\u00ed m\u00edsto obsadila \u010dty\u0159ka dorostenc\u016f, kde ji\u017e jmenovan\u00e9 dorostence doplnil David Neumann. Dorostenky Ka\u0161kov\u00e1, Tr\u00e1vn\u00ed\u010dkov\u00e1\u00a0na \u010dty\u0159ce vyveslovaly spole\u010dn\u011b s d\u011bv\u010daty\u00a0z T\u0159ebon\u011b druh\u00e9 m\u00edsto. Na dvojce vybojovaly na\u0161e holky t\u0159et\u00ed m\u00edsto. Do fin\u00e1lov\u00fdch j\u00edzd se je\u0161t\u011b probojovali na skifech mezi mu\u017ei\u00a0Honza Ku\u010dera\u00a0 a Sabina J\u00e1nsk\u00e1 mezi dorostenkami. V celkov\u00e9m hodnocen\u00ed Mistrovstv\u00ed republiky ve sprintu m\u00e1me\u00a0 sedm fin\u00e1lov\u00fdch start\u016f z toho p\u011bt medailov\u00fdch \u00fasp\u011bch\u016f. Je to tedy jeden z nelep\u0161\u00edch v\u00fdsledk\u016f VKO na sprintech.<\/p>\n<p>V\u00edkend 27.9-28.9 bylo v ra\u010dic\u00edch Mistrovstv\u00ed republiky dru\u017estev. Nejv\u011bt\u0161\u00edho \u00fasp\u011bchu dos\u00e1hly star\u0161\u00ed \u017e\u00e1kyn\u011b, kter\u00e9 obsadily v celkov\u00e9m celoro\u010dn\u00edm\u00a0hodnocen\u00ed mistrovsk\u00fdch sout\u011b\u017e\u00ed t\u0159et\u00ed m\u00edsto. Velk\u00e1 gratulace pat\u0159\u00ed tedy B\u00e1\u0159e Jandov\u00e9, Han\u011b Lavi\u010dkov\u00e9, Pet\u0159e Posp\u00ed\u0161ilov\u00e9, M\u00ed\u0161e Kom\u016frkov\u00e9 a tren\u00e9rce Mark\u00e9t\u011b Loulov\u00e9.<\/p>\n<p><a href=\"http:\/\/vko1883.rajce.idnes.cz\/MCR_Druzstev_2014\/\">http:\/\/vko1883.rajce.idnes.cz\/MCR_Druzstev_2014\/<\/a><a href=\"http:\/\/\"><\/a><\/p>\n","protected":false},"excerpt":{"rendered":"<p>V p\u00e1tek 26.9\u00a0prob\u00edhalo v Ra\u010dic\u00edch Mistrovstv\u00ed republiky ve sprintech. Lounsk\u00fdm vesla\u0159\u016fm se da\u0159ilo nav\u00e1zat na p\u0159ede\u0161l\u00e9 \u00fasp\u011bchy. Martin Lacina dovesloval na skifu na druh\u00e9m m\u00edst\u011b, dvojka bez kormideln\u00edka Bl\u00e1ha,Le\u0161ko na t\u0159et\u00edm m\u00edst\u011b. T\u0159et\u00ed m\u00edsto obsadila<a class=\"read-more\" href=\"http:\/\/www.vko.cz\/VKOweb\/mistrovsky-vikend-v-racicich\/\">\u010d\u00edst d\u00e1le..<\/a><\/p>\n","protected":false},"author":5,"featured_media":0,"comment_status":"open","ping_status":"closed","sticky":false,"template":"","format":"standard","meta":{"footnotes":""},"categories":[5],"tags":[],"_links":{"self":[{"href":"http:\/\/www.vko.cz\/VKOweb\/wp-json\/wp\/v2\/posts\/1099"}],"collection":[{"href":"http:\/\/www.vko.cz\/VKOweb\/wp-json\/wp\/v2\/posts"}],"about":[{"href":"http:\/\/www.vko.cz\/VKOweb\/wp-json\/wp\/v2\/types\/post"}],"author":[{"embeddable":true,"href":"http:\/\/www.vko.cz\/VKOweb\/wp-json\/wp\/v2\/users\/5"}],"replies":[{"embeddable":true,"href":"http:\/\/www.vko.cz\/VKOweb\/wp-json\/wp\/v2\/comments?post=1099"}],"version-history":[{"count":7,"href":"http:\/\/www.vko.cz\/VKOweb\/wp-json\/wp\/v2\/posts\/1099\/revisions"}],"predecessor-version":[{"id":1106,"href":"http:\/\/www.vko.cz\/VKOweb\/wp-json\/wp\/v2\/posts\/1099\/revisions\/1106"}],"wp:attachment":[{"href":"http:\/\/www.vko.cz\/VKOweb\/wp-json\/wp\/v2\/media?parent=1099"}],"wp:term":[{"taxonomy":"category","embeddable":true,"href":"http:\/\/www.vko.cz\/VKOweb\/wp-json\/wp\/v2\/categories?post=1099"},{"taxonomy":"post_tag","embeddable":true,"href":"http:\/\/www.vko.cz\/VKOweb\/wp-json\/wp\/v2\/tags?post=1099"}],"curies":[{"name":"wp","href":"https:\/\/api.w.org\/{rel}","templated":true}]}}