{"id":1087,"date":"2014-08-31T13:23:23","date_gmt":"2014-08-31T19:23:23","guid":{"rendered":"http:\/\/www.vko.cz\/VKOweb\/?p=1087"},"modified":"2014-08-31T22:26:09","modified_gmt":"2014-09-01T04:26:09","slug":"60-litomericka-regata-s-mezinarodni-ucasti","status":"publish","type":"post","link":"http:\/\/www.vko.cz\/VKOweb\/60-litomericka-regata-s-mezinarodni-ucasti\/","title":{"rendered":"60.Litom\u011b\u0159ick\u00e1 regata s mezin\u00e1rodn\u00ed \u00fa\u010dast\u00ed"},"content":{"rendered":"<p>30.8.-31.8. Konec pr\u00e1zdnin na\u0161i vesla\u0159i zakon\u010dili \u00fa\u010dast\u00ed na mezin\u00e1rodn\u00ed regat\u011b v Litom\u011b\u0159ic\u00edch. Op\u011bt jsme si vedli velice dob\u0159e. Hattrickem se m\u016f\u017eou pochlubit v\u0161echny star\u0161\u00ed \u017e\u00e1kyn\u011b. Ov\u0161em tento v\u00edkend pat\u0159il dorostenk\u00e1m a dorostenc\u016fm. Ti dok\u00e1zali zv\u00edt\u011bzit \u010dty\u0159ikr\u00e1t. Sv\u00e9 prvn\u00ed v\u00edt\u011bzstv\u00ed na dvojskifu mlad\u0161\u00edch \u017e\u00e1k\u016f spole\u010dn\u011b s T\u0159ebo\u0148sk\u00fdm vesla\u0159em Martinem Illem vyvesloval Filip Hel\u0161us.<\/p>\n<p><a href=\"http:\/\/vko1883.rajce.idnes.cz\/Litomerice_2014\">http:\/\/vko1883.rajce.idnes.cz\/Litomerice_2014<\/a><\/p>\n","protected":false},"excerpt":{"rendered":"<p>30.8.-31.8. Konec pr\u00e1zdnin na\u0161i vesla\u0159i zakon\u010dili \u00fa\u010dast\u00ed na mezin\u00e1rodn\u00ed regat\u011b v Litom\u011b\u0159ic\u00edch. Op\u011bt jsme si vedli velice dob\u0159e. Hattrickem se m\u016f\u017eou pochlubit v\u0161echny star\u0161\u00ed \u017e\u00e1kyn\u011b. Ov\u0161em tento v\u00edkend pat\u0159il dorostenk\u00e1m a dorostenc\u016fm. Ti dok\u00e1zali zv\u00edt\u011bzit<a class=\"read-more\" href=\"http:\/\/www.vko.cz\/VKOweb\/60-litomericka-regata-s-mezinarodni-ucasti\/\">\u010d\u00edst d\u00e1le..<\/a><\/p>\n","protected":false},"author":5,"featured_media":0,"comment_status":"open","ping_status":"closed","sticky":false,"template":"","format":"standard","meta":{"footnotes":""},"categories":[5],"tags":[],"_links":{"self":[{"href":"http:\/\/www.vko.cz\/VKOweb\/wp-json\/wp\/v2\/posts\/1087"}],"collection":[{"href":"http:\/\/www.vko.cz\/VKOweb\/wp-json\/wp\/v2\/posts"}],"about":[{"href":"http:\/\/www.vko.cz\/VKOweb\/wp-json\/wp\/v2\/types\/post"}],"author":[{"embeddable":true,"href":"http:\/\/www.vko.cz\/VKOweb\/wp-json\/wp\/v2\/users\/5"}],"replies":[{"embeddable":true,"href":"http:\/\/www.vko.cz\/VKOweb\/wp-json\/wp\/v2\/comments?post=1087"}],"version-history":[{"count":2,"href":"http:\/\/www.vko.cz\/VKOweb\/wp-json\/wp\/v2\/posts\/1087\/revisions"}],"predecessor-version":[{"id":1090,"href":"http:\/\/www.vko.cz\/VKOweb\/wp-json\/wp\/v2\/posts\/1087\/revisions\/1090"}],"wp:attachment":[{"href":"http:\/\/www.vko.cz\/VKOweb\/wp-json\/wp\/v2\/media?parent=1087"}],"wp:term":[{"taxonomy":"category","embeddable":true,"href":"http:\/\/www.vko.cz\/VKOweb\/wp-json\/wp\/v2\/categories?post=1087"},{"taxonomy":"post_tag","embeddable":true,"href":"http:\/\/www.vko.cz\/VKOweb\/wp-json\/wp\/v2\/tags?post=1087"}],"curies":[{"name":"wp","href":"https:\/\/api.w.org\/{rel}","templated":true}]}}