{"id":1026,"date":"2014-05-27T00:03:12","date_gmt":"2014-05-27T06:03:12","guid":{"rendered":"http:\/\/www.vko.cz\/VKOweb\/?p=1026"},"modified":"2014-05-27T00:05:23","modified_gmt":"2014-05-27T06:05:23","slug":"renneruv-memorial-2","status":"publish","type":"post","link":"http:\/\/www.vko.cz\/VKOweb\/renneruv-memorial-2\/","title":{"rendered":"Renner\u016fv memorial"},"content":{"rendered":"<p>24.5-25.5. se \u010d\u00e1st vesla\u0159\u016f z VKO z\u016f\u010dastnila z\u00e1vod\u016f na Vltav\u011b. Dru\u017estvo holek je oslabeno nemocemi. Nez\u00edskaly tedy \u017e\u00e1dn\u011b prvn\u00ed m\u00edsto, ale ani dorostenc\u016fm se nepoda\u0159ilo dos\u00e1hnout na v\u00edt\u011bzstv\u00ed, jen Martin Lacina vyhr\u00e1l, jenom\u017ee jenom rozj\u00ed\u017edku. Ve fin\u00e1le byl p\u0159edjet a dojel tedy celkov\u011b druh\u00fd. Dorostenc\u016fm se poda\u0159ilo d\u00e1t\u00a0 dohromady osmu s T\u0159ebon\u00ed a uvid\u00edme je na Prim\u00e1tork\u00e1ch.\u00a0 V \u017e\u00e1kyn\u00edch poprv\u00e9 startovala Veronika Bl\u00e1hov\u00e1, dojela na druh\u00e9m m\u00edst\u011b. A spole\u010dn\u011b s Luckou \u0158imn\u00e1\u010dovou budou reprezentovat lounsk\u00e9 barvy na Prim\u00e1tork\u00e1ch.<\/p>\n<p><a href=\"http:\/\/vko1883.rajce.idnes.cz\/Praha_Renerak\/\">http:\/\/vko1883.rajce.idnes.cz\/Praha_Renerak\/<\/a><\/p>\n","protected":false},"excerpt":{"rendered":"<p>24.5-25.5. se \u010d\u00e1st vesla\u0159\u016f z VKO z\u016f\u010dastnila z\u00e1vod\u016f na Vltav\u011b. Dru\u017estvo holek je oslabeno nemocemi. Nez\u00edskaly tedy \u017e\u00e1dn\u011b prvn\u00ed m\u00edsto, ale ani dorostenc\u016fm se nepoda\u0159ilo dos\u00e1hnout na v\u00edt\u011bzstv\u00ed, jen Martin Lacina vyhr\u00e1l, jenom\u017ee jenom rozj\u00ed\u017edku.<a class=\"read-more\" href=\"http:\/\/www.vko.cz\/VKOweb\/renneruv-memorial-2\/\">\u010d\u00edst d\u00e1le..<\/a><\/p>\n","protected":false},"author":5,"featured_media":0,"comment_status":"open","ping_status":"closed","sticky":false,"template":"","format":"standard","meta":{"footnotes":""},"categories":[5],"tags":[],"_links":{"self":[{"href":"http:\/\/www.vko.cz\/VKOweb\/wp-json\/wp\/v2\/posts\/1026"}],"collection":[{"href":"http:\/\/www.vko.cz\/VKOweb\/wp-json\/wp\/v2\/posts"}],"about":[{"href":"http:\/\/www.vko.cz\/VKOweb\/wp-json\/wp\/v2\/types\/post"}],"author":[{"embeddable":true,"href":"http:\/\/www.vko.cz\/VKOweb\/wp-json\/wp\/v2\/users\/5"}],"replies":[{"embeddable":true,"href":"http:\/\/www.vko.cz\/VKOweb\/wp-json\/wp\/v2\/comments?post=1026"}],"version-history":[{"count":4,"href":"http:\/\/www.vko.cz\/VKOweb\/wp-json\/wp\/v2\/posts\/1026\/revisions"}],"predecessor-version":[{"id":1029,"href":"http:\/\/www.vko.cz\/VKOweb\/wp-json\/wp\/v2\/posts\/1026\/revisions\/1029"}],"wp:attachment":[{"href":"http:\/\/www.vko.cz\/VKOweb\/wp-json\/wp\/v2\/media?parent=1026"}],"wp:term":[{"taxonomy":"category","embeddable":true,"href":"http:\/\/www.vko.cz\/VKOweb\/wp-json\/wp\/v2\/categories?post=1026"},{"taxonomy":"post_tag","embeddable":true,"href":"http:\/\/www.vko.cz\/VKOweb\/wp-json\/wp\/v2\/tags?post=1026"}],"curies":[{"name":"wp","href":"https:\/\/api.w.org\/{rel}","templated":true}]}}