{"id":1021,"date":"2014-05-23T00:55:21","date_gmt":"2014-05-23T06:55:21","guid":{"rendered":"http:\/\/www.vko.cz\/VKOweb\/?p=1021"},"modified":"2014-05-23T00:56:38","modified_gmt":"2014-05-23T06:56:38","slug":"vzpominka-na-cleny-klubu-zavrazdene-a-umucene-za-nacisticke-okupace","status":"publish","type":"post","link":"http:\/\/www.vko.cz\/VKOweb\/vzpominka-na-cleny-klubu-zavrazdene-a-umucene-za-nacisticke-okupace\/","title":{"rendered":"Vzpom\u00ednka na \u010dleny klubu zavra\u017ed\u011bn\u00e9 a umu\u010den\u00e9 v dob\u011b nacistick\u00e9 okupace"},"content":{"rendered":"<p><a rel=\"attachment wp-att-1020\" href=\"http:\/\/www.vko.cz\/VKOweb\/vzpominka-na-cleny-klubu-zavrazdene-a-umucene-za-nacisticke-okupace\/pozvanka_2014\/\">Pozv\u00e1nka_2014<\/a><\/p>\n","protected":false},"excerpt":{"rendered":"<p>Pozv\u00e1nka_2014<\/p>\n","protected":false},"author":5,"featured_media":0,"comment_status":"open","ping_status":"closed","sticky":false,"template":"","format":"standard","meta":{"footnotes":""},"categories":[5],"tags":[],"_links":{"self":[{"href":"http:\/\/www.vko.cz\/VKOweb\/wp-json\/wp\/v2\/posts\/1021"}],"collection":[{"href":"http:\/\/www.vko.cz\/VKOweb\/wp-json\/wp\/v2\/posts"}],"about":[{"href":"http:\/\/www.vko.cz\/VKOweb\/wp-json\/wp\/v2\/types\/post"}],"author":[{"embeddable":true,"href":"http:\/\/www.vko.cz\/VKOweb\/wp-json\/wp\/v2\/users\/5"}],"replies":[{"embeddable":true,"href":"http:\/\/www.vko.cz\/VKOweb\/wp-json\/wp\/v2\/comments?post=1021"}],"version-history":[{"count":4,"href":"http:\/\/www.vko.cz\/VKOweb\/wp-json\/wp\/v2\/posts\/1021\/revisions"}],"predecessor-version":[{"id":1025,"href":"http:\/\/www.vko.cz\/VKOweb\/wp-json\/wp\/v2\/posts\/1021\/revisions\/1025"}],"wp:attachment":[{"href":"http:\/\/www.vko.cz\/VKOweb\/wp-json\/wp\/v2\/media?parent=1021"}],"wp:term":[{"taxonomy":"category","embeddable":true,"href":"http:\/\/www.vko.cz\/VKOweb\/wp-json\/wp\/v2\/categories?post=1021"},{"taxonomy":"post_tag","embeddable":true,"href":"http:\/\/www.vko.cz\/VKOweb\/wp-json\/wp\/v2\/tags?post=1021"}],"curies":[{"name":"wp","href":"https:\/\/api.w.org\/{rel}","templated":true}]}}