{"id":1017,"date":"2014-05-20T02:58:28","date_gmt":"2014-05-20T08:58:28","guid":{"rendered":"http:\/\/www.vko.cz\/VKOweb\/?p=1017"},"modified":"2014-05-21T03:39:33","modified_gmt":"2014-05-21T09:39:33","slug":"43-rocnik-brnenske-mezinarodni-regaty","status":"publish","type":"post","link":"http:\/\/www.vko.cz\/VKOweb\/43-rocnik-brnenske-mezinarodni-regaty\/","title":{"rendered":"43.ro\u010dn\u00edk Brn\u011bnsk\u00e9 mezin\u00e1rodn\u00ed regaty"},"content":{"rendered":"<p>17.5.-18.5. po\u010das\u00ed v\u016fbec nep\u0159\u00e1lo veslov\u00e1n\u00ed, p\u0159esto se na Brn\u011bnsk\u00e9 p\u0159ehrad\u011b z\u00e1vodilo. V sobotu na\u0161e lod\u011b bojovali o postup do ned\u011bln\u00edch fin\u00e1lov\u00fdch j\u00edzd. Boj o medaili byl odep\u0159en star\u0161\u00edm \u017e\u00e1kyn\u00edm na \u010dty\u0159ce. Hana Lavi\u010dkov\u00e1 si p\u0159i rozb\u011bh\u00e1n\u00ed vymknula \u00a0kotn\u00edk. Dvojka bez korm. dorostenek dojela na t\u0159et\u00edm m\u00edst\u011b. Na dvojskifu veslovala Sabina J. spole\u010dn\u011b s pardubickou Gwozdiakovou, ve fin\u00e1le B skon\u010dili na \u0161est\u00e9m m\u00edst\u011b, celkov\u011b tedy dvan\u00e1ct\u00e1 pozice. Dvojka dorostenc\u016f skon\u010dila na \u010dtvrt\u00e9m m\u00edst\u011b. Martin Lacina na skifu byl ve fin\u00e1le C p\u0159edjet pouze n\u011bmeck\u00fdm reprezentantem a celkov\u011b tedy obsadil 14 m\u00edsto. P\u00e1rov\u00e1 \u010dty\u0159ka dorostenc\u016f doveslovala \u0161est\u00e1. <a href=\"http:\/\/vko1883.rajce.idnes.cz\/Brno_2014\">http:\/\/vko1883.rajce.idnes.cz\/Brno_2014<\/a><\/p>\n","protected":false},"excerpt":{"rendered":"<p>17.5.-18.5. po\u010das\u00ed v\u016fbec nep\u0159\u00e1lo veslov\u00e1n\u00ed, p\u0159esto se na Brn\u011bnsk\u00e9 p\u0159ehrad\u011b z\u00e1vodilo. V sobotu na\u0161e lod\u011b bojovali o postup do ned\u011bln\u00edch fin\u00e1lov\u00fdch j\u00edzd. Boj o medaili byl odep\u0159en star\u0161\u00edm \u017e\u00e1kyn\u00edm na \u010dty\u0159ce. Hana Lavi\u010dkov\u00e1 si p\u0159i<a class=\"read-more\" href=\"http:\/\/www.vko.cz\/VKOweb\/43-rocnik-brnenske-mezinarodni-regaty\/\">\u010d\u00edst d\u00e1le..<\/a><\/p>\n","protected":false},"author":5,"featured_media":0,"comment_status":"open","ping_status":"closed","sticky":false,"template":"","format":"standard","meta":{"footnotes":""},"categories":[5],"tags":[],"_links":{"self":[{"href":"http:\/\/www.vko.cz\/VKOweb\/wp-json\/wp\/v2\/posts\/1017"}],"collection":[{"href":"http:\/\/www.vko.cz\/VKOweb\/wp-json\/wp\/v2\/posts"}],"about":[{"href":"http:\/\/www.vko.cz\/VKOweb\/wp-json\/wp\/v2\/types\/post"}],"author":[{"embeddable":true,"href":"http:\/\/www.vko.cz\/VKOweb\/wp-json\/wp\/v2\/users\/5"}],"replies":[{"embeddable":true,"href":"http:\/\/www.vko.cz\/VKOweb\/wp-json\/wp\/v2\/comments?post=1017"}],"version-history":[{"count":2,"href":"http:\/\/www.vko.cz\/VKOweb\/wp-json\/wp\/v2\/posts\/1017\/revisions"}],"predecessor-version":[{"id":1019,"href":"http:\/\/www.vko.cz\/VKOweb\/wp-json\/wp\/v2\/posts\/1017\/revisions\/1019"}],"wp:attachment":[{"href":"http:\/\/www.vko.cz\/VKOweb\/wp-json\/wp\/v2\/media?parent=1017"}],"wp:term":[{"taxonomy":"category","embeddable":true,"href":"http:\/\/www.vko.cz\/VKOweb\/wp-json\/wp\/v2\/categories?post=1017"},{"taxonomy":"post_tag","embeddable":true,"href":"http:\/\/www.vko.cz\/VKOweb\/wp-json\/wp\/v2\/tags?post=1017"}],"curies":[{"name":"wp","href":"https:\/\/api.w.org\/{rel}","templated":true}]}}