{"id":1011,"date":"2014-05-13T01:21:55","date_gmt":"2014-05-13T07:21:55","guid":{"rendered":"http:\/\/www.vko.cz\/VKOweb\/?p=1011"},"modified":"2014-05-13T01:44:39","modified_gmt":"2014-05-13T07:44:39","slug":"ustecka-zatacka-2","status":"publish","type":"post","link":"http:\/\/www.vko.cz\/VKOweb\/ustecka-zatacka-2\/","title":{"rendered":"\u00dasteck\u00e1 zat\u00e1\u010dka"},"content":{"rendered":"<p>10 a\u017e 11.5. z\u00e1vodili na\u0161i vesla\u0159i v \u00dast\u00ed nad Labem. Z\u00e1vod\u016f se z\u00fa\u010dastnily v\u0161ichni aktivn\u00ed \u010dlenov\u00e9 VKO. Mezi medailisty se objevil dvakr\u00e1t Martin Lacina, kter\u00fd v\u00edt\u011bz\u00ed na p\u00e1rov\u00e9 i nep\u00e1rov\u00e9 \u010dty\u0159ce dorostenc\u016f spole\u010dn\u011b s Davidem Neumannem,Honzou Le\u0161kem a Petrem Bl\u00e1hou. Posledn\u011b dva jmenovan\u00ed p\u0159idali je\u0161t\u011b v\u00edt\u011bzstv\u00ed na dvojskifu. Da\u0159ilo se tak\u00e9 dorostenk\u00e1m Ivan\u011b Ka\u0161kov\u00e9 a B\u00e1\u0159e Tr\u00e1vn\u00ed\u010dkov\u00e9 ty p\u0159ed\u010dili sv\u00e9 soupe\u0159ky na dvojskifu, dvojce a p\u00e1rov\u00e9 \u010dty\u0159ce. Star\u0161\u00ed \u017e\u00e1kyn\u011b B\u00e1ra Jandov\u00e1 a Hana Lavi\u010dkov\u00e1 v\u00edt\u011bz\u00ed na dvojskifu. V\u00edt\u011bz\u00ed tak\u00e9 veter\u00e1ni, kte\u0159\u00ed si do Loun odv\u00e1\u017e\u00ed novou osmu. Sv\u016fj prvn\u00ed z\u00e1vod doplavala \u00a0Lucka \u0158imn\u00e1\u010dov\u00e1 :-).<\/p>\n<p>foto:\u00a0\u00a0<a href=\"http:\/\/vko1883.rajce.idnes.cz\/Ustecka_zatacka_2\/\">http:\/\/vko1883.rajce.idnes.cz\/Ustecka_zatacka_2\/<\/a><\/p>\n","protected":false},"excerpt":{"rendered":"<p>10 a\u017e 11.5. z\u00e1vodili na\u0161i vesla\u0159i v \u00dast\u00ed nad Labem. Z\u00e1vod\u016f se z\u00fa\u010dastnily v\u0161ichni aktivn\u00ed \u010dlenov\u00e9 VKO. Mezi medailisty se objevil dvakr\u00e1t Martin Lacina, kter\u00fd v\u00edt\u011bz\u00ed na p\u00e1rov\u00e9 i nep\u00e1rov\u00e9 \u010dty\u0159ce dorostenc\u016f spole\u010dn\u011b s Davidem<a class=\"read-more\" href=\"http:\/\/www.vko.cz\/VKOweb\/ustecka-zatacka-2\/\">\u010d\u00edst d\u00e1le..<\/a><\/p>\n","protected":false},"author":5,"featured_media":0,"comment_status":"open","ping_status":"closed","sticky":false,"template":"","format":"standard","meta":{"footnotes":""},"categories":[5],"tags":[],"_links":{"self":[{"href":"http:\/\/www.vko.cz\/VKOweb\/wp-json\/wp\/v2\/posts\/1011"}],"collection":[{"href":"http:\/\/www.vko.cz\/VKOweb\/wp-json\/wp\/v2\/posts"}],"about":[{"href":"http:\/\/www.vko.cz\/VKOweb\/wp-json\/wp\/v2\/types\/post"}],"author":[{"embeddable":true,"href":"http:\/\/www.vko.cz\/VKOweb\/wp-json\/wp\/v2\/users\/5"}],"replies":[{"embeddable":true,"href":"http:\/\/www.vko.cz\/VKOweb\/wp-json\/wp\/v2\/comments?post=1011"}],"version-history":[{"count":5,"href":"http:\/\/www.vko.cz\/VKOweb\/wp-json\/wp\/v2\/posts\/1011\/revisions"}],"predecessor-version":[{"id":1016,"href":"http:\/\/www.vko.cz\/VKOweb\/wp-json\/wp\/v2\/posts\/1011\/revisions\/1016"}],"wp:attachment":[{"href":"http:\/\/www.vko.cz\/VKOweb\/wp-json\/wp\/v2\/media?parent=1011"}],"wp:term":[{"taxonomy":"category","embeddable":true,"href":"http:\/\/www.vko.cz\/VKOweb\/wp-json\/wp\/v2\/categories?post=1011"},{"taxonomy":"post_tag","embeddable":true,"href":"http:\/\/www.vko.cz\/VKOweb\/wp-json\/wp\/v2\/tags?post=1011"}],"curies":[{"name":"wp","href":"https:\/\/api.w.org\/{rel}","templated":true}]}}